{"id":251098,"date":"2025-07-16T10:44:09","date_gmt":"2025-07-16T10:44:09","guid":{"rendered":"https:\/\/www.europesays.com\/fr\/251098\/"},"modified":"2025-07-16T10:44:09","modified_gmt":"2025-07-16T10:44:09","slug":"a-rouen-il-grille-un-feu-rouge-et-se-lance-dans-une-course-poursuite-a-velo","status":"publish","type":"post","link":"https:\/\/www.europesays.com\/fr\/251098\/","title":{"rendered":"\u00c0 Rouen, il grille un feu rouge et se lance dans une course-poursuite&#8230; \u00e0 v\u00e9lo\u00a0!"},"content":{"rendered":"<p>            Par<br \/>\n        <strong><br \/>\n            <a href=\"https:\/\/actu.fr\/auteur\/julien-bouteiller\" title=\"Consulter tous les articles de Julien Bouteiller\" rel=\"nofollow noopener\" target=\"_blank\">Julien Bouteiller<\/a><br \/>\n        <\/strong><\/p>\n<p>        Publi\u00e9 le<\/p>\n<p>            16 juil. 2025 \u00e0 12h28        <\/p>\n<p><strong>Il a voulu fuir mais a vite \u00e9t\u00e9 rattrap\u00e9<\/strong> \u00e0 <a href=\"https:\/\/actu.fr\/normandie\/rouen_76540\" rel=\"nofollow noopener\" target=\"_blank\">Rouen<\/a>, mardi 15\u00a0juillet 2025. Et pour cause, le jeune homme s\u2019est lanc\u00e9 <strong>dans une course-poursuite\u2026 \u00e0 v\u00e9lo\u2009!<\/strong><\/p>\n<p class=\" wall-content\">D\u2019apr\u00e8s une source polici\u00e8re, aux alentours de 19h10, un \u00e9quipage de la BST (brigade sp\u00e9cialis\u00e9e de terrain) en patrouille rep\u00e8re un cycliste, sur un v\u00e9lo \u00e9lectrique, \u00ab\u2009qui grille le feu rouge \u00e0 l\u2019angle de la rue du Mail et du boulevard de l\u2019Europe\u2009\u00bb.<\/p>\n<p>Il se lance dans une course-poursuite\u2026 \u00e0 v\u00e9lo\u2009!<\/p>\n<p class=\" wall-content\">Les policiers souhaitent donc le contr\u00f4ler et lui font signe de se stationner sur un trottoir, ce qu\u2019il semble faire en premier lieu. \u00ab\u2009Mais il fait mine de se garer<strong> pour ensuite fuir<\/strong> vers la rue Ferrand\u2009\u00bb, explique notre source.<\/p>\n<p class=\" wall-content\">Malgr\u00e9 les injonctions des policiers, <strong>il refuse de s\u2019arr\u00eater,<\/strong> repasse par le boulevard de l\u2019Europe puis par la rue Ledru-Rollin. Toutefois, les policiers sont en voiture et parviennent sans mal \u00e0 le rattraper et le stopper.<\/p>\n<p class=\" wall-content\">Invit\u00e9 \u00e0 pr\u00e9senter ses papiers d\u2019identit\u00e9 et \u00e0 justifier de la possession du v\u00e9lo, il avoue qu\u2019il n\u2019a rien sur lui et que <strong>le v\u00e9lo est vol\u00e9<\/strong>, ce que confirmera un passage au fichier de son num\u00e9ro de s\u00e9rie.<\/p>\n<p>Vid\u00e9os : en ce moment sur Actu<\/p>\n<p class=\" wall-content\">Le jeune homme de 17\u00a0ans est donc interpell\u00e9 et plac\u00e9 en garde \u00e0 vue pour recel de vol et refus d\u2019obtemp\u00e9rer.<\/p>\n<p>Suivez l\u2019actualit\u00e9 de Rouen <a href=\"https:\/\/www.whatsapp.com\/channel\/0029VaKfnf99hXF2ddApFB1D\" rel=\"nofollow noopener\" target=\"_blank\">sur notre cha\u00eene WhatsApp<\/a> et <a href=\"https:\/\/www.tiktok.com\/@76actu.fr?lang=fr\" rel=\"nofollow noopener\" target=\"_blank\">sur notre compte TikTok<\/a><\/p>\n<p class=\" wall-content\">Suivez toute l\u2019actualit\u00e9 de vos villes et m\u00e9dias favoris en vous inscrivant \u00e0 <a href=\"https:\/\/moncompte.actu.fr\" title=\"D\u00e9couvez Mon Actu\" rel=\"nofollow noopener\" data-trk=\"{&quot;cta&quot;:{&quot;action&quot;:&quot;https:\\\/\\\/moncompte.actu.fr&quot;,&quot;category&quot;:&quot;mon compte&quot;,&quot;from&quot;:&quot;article footer&quot;,&quot;name&quot;:&quot;Mon actu&quot;,&quot;type&quot;:&quot;cta&quot;}}\" target=\"_blank\">Mon Actu<\/a>.<\/p>\n<ul class=\"ac-article-tag wall-content\">\n<li><a href=\"https:\/\/actu.fr\/tag\/police\" data-trk=\"{&quot;cta&quot;:{&quot;action&quot;:&quot;Police&quot;,&quot;category&quot;:&quot;tag&quot;,&quot;from&quot;:&quot;article footer&quot;,&quot;name&quot;:&quot;Police&quot;,&quot;type&quot;:&quot;cta&quot;}}\" rel=\"nofollow noopener\" target=\"_blank\">#Police<\/a><\/li>\n<li><a href=\"https:\/\/actu.fr\/tag\/refus-d-obtemperer\" data-trk=\"{&quot;cta&quot;:{&quot;action&quot;:&quot;Refus d\\u2019obtemp\\u00e9rer&quot;,&quot;category&quot;:&quot;tag&quot;,&quot;from&quot;:&quot;article footer&quot;,&quot;name&quot;:&quot;Refus d\\u2019obtemp\\u00e9rer&quot;,&quot;type&quot;:&quot;cta&quot;}}\" rel=\"nofollow noopener\" target=\"_blank\">#Refus d\u2019obtemp\u00e9rer<\/a><\/li>\n<\/ul>\n<p>                    <script async src=\"\/\/www.tiktok.com\/embed.js\"><\/script><\/p>\n","protected":false},"excerpt":{"rendered":"Par Julien Bouteiller Publi\u00e9 le 16 juil. 2025 \u00e0 12h28 Il a voulu fuir mais a vite \u00e9t\u00e9&hellip;\n","protected":false},"author":2,"featured_media":251099,"comment_status":"","ping_status":"","sticky":false,"template":"","format":"standard","meta":{"footnotes":""},"categories":[9587],"tags":[1111,11,1777,674,118,1011,27,12,5161,1072,2852,25,9590],"class_list":{"0":"post-251098","1":"post","2":"type-post","3":"status-publish","4":"format-standard","5":"has-post-thumbnail","7":"category-rouen","8":"tag-actu","9":"tag-actualites","10":"tag-eu","11":"tag-europe","12":"tag-faits-divers","13":"tag-fr","14":"tag-france","15":"tag-news","16":"tag-normandie","17":"tag-police","18":"tag-refus-dobtemperer","19":"tag-republique-francaise","20":"tag-rouen"},"share_on_mastodon":{"url":"https:\/\/pubeurope.com\/@fr\/114862506911915146","error":""},"_links":{"self":[{"href":"https:\/\/www.europesays.com\/fr\/wp-json\/wp\/v2\/posts\/251098","targetHints":{"allow":["GET"]}}],"collection":[{"href":"https:\/\/www.europesays.com\/fr\/wp-json\/wp\/v2\/posts"}],"about":[{"href":"https:\/\/www.europesays.com\/fr\/wp-json\/wp\/v2\/types\/post"}],"author":[{"embeddable":true,"href":"https:\/\/www.europesays.com\/fr\/wp-json\/wp\/v2\/users\/2"}],"replies":[{"embeddable":true,"href":"https:\/\/www.europesays.com\/fr\/wp-json\/wp\/v2\/comments?post=251098"}],"version-history":[{"count":0,"href":"https:\/\/www.europesays.com\/fr\/wp-json\/wp\/v2\/posts\/251098\/revisions"}],"wp:featuredmedia":[{"embeddable":true,"href":"https:\/\/www.europesays.com\/fr\/wp-json\/wp\/v2\/media\/251099"}],"wp:attachment":[{"href":"https:\/\/www.europesays.com\/fr\/wp-json\/wp\/v2\/media?parent=251098"}],"wp:term":[{"taxonomy":"category","embeddable":true,"href":"https:\/\/www.europesays.com\/fr\/wp-json\/wp\/v2\/categories?post=251098"},{"taxonomy":"post_tag","embeddable":true,"href":"https:\/\/www.europesays.com\/fr\/wp-json\/wp\/v2\/tags?post=251098"}],"curies":[{"name":"wp","href":"https:\/\/api.w.org\/{rel}","templated":true}]}}