{"id":251100,"date":"2025-07-16T10:45:14","date_gmt":"2025-07-16T10:45:14","guid":{"rendered":"https:\/\/www.europesays.com\/fr\/251100\/"},"modified":"2025-07-16T10:45:14","modified_gmt":"2025-07-16T10:45:14","slug":"pourquoi-la-circulation-sur-ce-pont-en-entree-de-grenoble-va-rester-interdite-tout-lete","status":"publish","type":"post","link":"https:\/\/www.europesays.com\/fr\/251100\/","title":{"rendered":"Pourquoi la circulation sur ce pont en entr\u00e9e de Grenoble va rester interdite tout l&rsquo;\u00e9t\u00e9"},"content":{"rendered":"<p>            Par<br \/>\n        <strong><br \/>\n            <a href=\"https:\/\/actu.fr\/auteur\/lisa-rodrigues\" title=\"Consulter tous les articles de Lisa Rodrigues\" rel=\"nofollow noopener\" target=\"_blank\">Lisa Rodrigues<\/a><br \/>\n        <\/strong><\/p>\n<p>        Publi\u00e9 le<\/p>\n<p>            16 juil. 2025 \u00e0 11h47        <\/p>\n<p>C\u2019est l\u2019une des portes d\u2019entr\u00e9es de l\u2019agglom\u00e9ration de <a href=\"https:\/\/actu.fr\/auvergne-rhone-alpes\/grenoble_38185\" rel=\"nofollow noopener\" target=\"_blank\">Grenoble<\/a>, qui fait le lien entre Saint-Martin-le-Vinoux et la Presqu\u2019\u00eele de la capitale des Alpes, avec pr\u00e8s de 12 000 v\u00e9hicules par jour. Le <strong>pont d\u2019Oxford<\/strong> subit, depuis plusieurs semaines, une r\u00e9novation d\u2019ampleur, pilot\u00e9e par <a href=\"https:\/\/actu.fr\/tag\/grenoble-alpes-metropole\" rel=\"nofollow noopener\" target=\"_blank\">Grenoble-Alpes M\u00e9tropole<\/a>.<\/p>\n<p class=\" wall-content\">En cette mi-juillet, un <strong>point d\u2019\u00e9tape du chantier<\/strong> a \u00e9t\u00e9 r\u00e9alis\u00e9 par la collectivit\u00e9. Voici ce qu\u2019il faut en retenir.<\/p>\n<p>Des c\u00e2bles d\u2019acier \u00e0 remplacer<\/p>\n<p class=\" wall-content\">Le chantier du pont d\u2019Oxford a pour objectif principal de <strong>changer les haubans<\/strong> de l\u2019infrastructure, c\u2019est-\u00e0-dire les larges c\u00e2bles en acier qui soutiennent le pont.\u00a0<\/p>\n<blockquote class=\"ac-article-quote wall-content\">\n<p>Suite \u00e0 la rupture d\u2019un \u00ab toron \u00bb (c\u00e2ble) en 2019, une s\u00e9rie de tests et d\u2019analyses a \u00e9t\u00e9 men\u00e9e entre 2021 et 2022. [&#8230;] Bien qu\u2019il n\u2019y ait pas de danger imm\u00e9diat, des signes de corrosion au niveau des ancrages et un vieillissement g\u00e9n\u00e9ral ont impos\u00e9 une intervention rapide pour garantir la s\u00e9curit\u00e9 et la long\u00e9vit\u00e9 de l\u2019ouvrage.<\/p>\n<p>    <strong>Grenoble-Alpes M\u00e9tropole<\/strong>\n            <\/p><\/blockquote>\n<p class=\" wall-content\">Un total de <strong>150 tonnes de c\u00e2bles neufs<\/strong> doivent \u00eatre achemin\u00e9es et install\u00e9es d\u2019ici \u00e0 l\u2019automne.\u00a0<\/p>\n<p>Vid\u00e9os : en ce moment sur Actu<\/p>\n<p class=\" wall-content\">Le montant de l\u2019op\u00e9ration pour la M\u00e9tropole est estim\u00e9 \u00e0 <strong>5,4 millions d\u2019euros TTC<\/strong>.<\/p>\n<p>La fermeture totale du pont confirm\u00e9e jusqu\u2019en septembre<\/p>\n<p class=\" wall-content\">Les automobilistes arrivant \u00e0 Grenoble l\u2019ont remarqu\u00e9 : depuis le 19 mai dernier, il est impossible d\u2019emprunter le pont d\u2019Oxford. Et pour cause, il est <strong>compl\u00e8tement ferm\u00e9<\/strong> \u00e0 la circulation automobile, pour le bon d\u00e9roulement des travaux.<\/p>\n<p class=\" wall-content\">Les premi\u00e8res interventions ont eu lieu \u00ab\u00a0d\u00e8s le mois de mars, en horaires de nuit\u00a0\u00bb, rappelle la M\u00e9tropole. Mais \u00ab\u00a0<strong>jusqu\u2019au 22 septembre<\/strong>, la circulation est totalement interrompue pour les v\u00e9hicules motoris\u00e9s\u00a0\u00bb. La seule exception est pour les pi\u00e9tons et cyclistes qui peuvent emprunter le pont les <strong>week-ends et les jours f\u00e9ri\u00e9s<\/strong>.<\/p>\n<p class=\" wall-content\">\u00ab\u00a0Ensuite, jusqu\u2019\u00e0 fin novembre, une nouvelle p\u00e9riode de fermeture nocturne permettra de finaliser et d\u00e9monter le chantier\u00a0\u00bb, ajoute la collectivit\u00e9.<\/p>\n<p>Les d\u00e9viations instaur\u00e9es<\/p>\n<p class=\" wall-content\">En attendant, des \u00ab\u00a0itin\u00e9raires de d\u00e9viation sont mis en place pour les v\u00e9hicules l\u00e9gers et les poids lourds\u00a0\u00bb.<\/p>\n<ul class=\" wall-content\">\n<li><strong>Pour sortir de la Presqu\u2019\u00eele, c\u00f4t\u00e9 ouest<\/strong> : via la place de la R\u00e9sistance, la rue et la contre-all\u00e9e Jules-Horowitz,<\/li>\n<li><strong>Pour sortir de la Presqu\u2019\u00eele, c\u00f4t\u00e9 sud<\/strong> : via l\u2019avenue des Martyrs, la rue F\u00e9lix-Esclangon, la rue Diderot et la bretelle d\u2019entr\u00e9e A480 n\u00b02 (Vercors),<\/li>\n<li><strong>Pour entrer en provenance de Lyon \u2013 Saint-\u00c9gr\u00e8ve via l\u2019A480<\/strong> : via le pont du Vercors, le quai du Drac, le pont puis la rue F\u00e9lix-Esclangon et l\u2019avenue des Martyrs,<\/li>\n<li><strong>Pour entrer en provenance de Grenoble<\/strong> : via le quai Claude-Bernard, le quai de la Graille et la rue Durand-Savoyat.<\/li>\n<\/ul>\n<p class=\" wall-content\">Le d\u00e9tail et plans sont aussi disponibles sur <a href=\"https:\/\/www.grenoblealpesmetropole.fr\/actualite\/407\/45-remplacement-des-haubans-le-pont-d-oxford-completement-ferme-jusqu-en-septembre.htm\" rel=\"nofollow noopener\" target=\"_blank\">le site<\/a> de Grenoble-Alpes M\u00e9tropole.<\/p>\n<p class=\" wall-content\">L\u2019utilisation des <strong>transports en commun<\/strong> \u2013 la desserte des arr\u00eats sur la zone est maintenue \u2013 et du <a href=\"https:\/\/actu.fr\/auvergne-rhone-alpes\/grenoble_38185\/grenoble-le-radar-est-arrive-sur-la-voie-de-covoiturage-de-l-a48-et-les-premieres-amendes-aussi_62833455.html\" rel=\"nofollow noopener\" target=\"_blank\">covoiturage<\/a> est vivement conseill\u00e9e le temps des travaux \u00ab\u00a0pour limiter les embouteillages et pr\u00e9server la fluidit\u00e9 du r\u00e9seau\u00a0\u00bb.<\/p>\n<p class=\" wall-content\">Suivez toute l\u2019actualit\u00e9 de vos villes et m\u00e9dias favoris en vous inscrivant \u00e0 <a href=\"https:\/\/moncompte.actu.fr\" title=\"D\u00e9couvez Mon Actu\" rel=\"nofollow noopener\" data-trk=\"{&quot;cta&quot;:{&quot;action&quot;:&quot;https:\\\/\\\/moncompte.actu.fr&quot;,&quot;category&quot;:&quot;mon compte&quot;,&quot;from&quot;:&quot;article footer&quot;,&quot;name&quot;:&quot;Mon actu&quot;,&quot;type&quot;:&quot;cta&quot;}}\" target=\"_blank\">Mon Actu<\/a>.<\/p>\n","protected":false},"excerpt":{"rendered":"Par Lisa Rodrigues Publi\u00e9 le 16 juil. 2025 \u00e0 11h47 C\u2019est l\u2019une des portes d\u2019entr\u00e9es de l\u2019agglom\u00e9ration de&hellip;\n","protected":false},"author":2,"featured_media":251101,"comment_status":"","ping_status":"","sticky":false,"template":"","format":"standard","meta":{"footnotes":""},"categories":[9566],"tags":[1111,11,2430,3542,1777,674,1011,27,2731,12,25,104,2086],"class_list":{"0":"post-251100","1":"post","2":"type-post","3":"status-publish","4":"format-standard","5":"has-post-thumbnail","7":"category-grenoble","8":"tag-actu","9":"tag-actualites","10":"tag-auvergne-rhone-alpes","11":"tag-circulation","12":"tag-eu","13":"tag-europe","14":"tag-fr","15":"tag-france","16":"tag-grenoble","17":"tag-news","18":"tag-republique-francaise","19":"tag-societe","20":"tag-travaux"},"share_on_mastodon":{"url":"https:\/\/pubeurope.com\/@fr\/114862510790421856","error":""},"_links":{"self":[{"href":"https:\/\/www.europesays.com\/fr\/wp-json\/wp\/v2\/posts\/251100","targetHints":{"allow":["GET"]}}],"collection":[{"href":"https:\/\/www.europesays.com\/fr\/wp-json\/wp\/v2\/posts"}],"about":[{"href":"https:\/\/www.europesays.com\/fr\/wp-json\/wp\/v2\/types\/post"}],"author":[{"embeddable":true,"href":"https:\/\/www.europesays.com\/fr\/wp-json\/wp\/v2\/users\/2"}],"replies":[{"embeddable":true,"href":"https:\/\/www.europesays.com\/fr\/wp-json\/wp\/v2\/comments?post=251100"}],"version-history":[{"count":0,"href":"https:\/\/www.europesays.com\/fr\/wp-json\/wp\/v2\/posts\/251100\/revisions"}],"wp:featuredmedia":[{"embeddable":true,"href":"https:\/\/www.europesays.com\/fr\/wp-json\/wp\/v2\/media\/251101"}],"wp:attachment":[{"href":"https:\/\/www.europesays.com\/fr\/wp-json\/wp\/v2\/media?parent=251100"}],"wp:term":[{"taxonomy":"category","embeddable":true,"href":"https:\/\/www.europesays.com\/fr\/wp-json\/wp\/v2\/categories?post=251100"},{"taxonomy":"post_tag","embeddable":true,"href":"https:\/\/www.europesays.com\/fr\/wp-json\/wp\/v2\/tags?post=251100"}],"curies":[{"name":"wp","href":"https:\/\/api.w.org\/{rel}","templated":true}]}}