{"id":251102,"date":"2025-07-16T10:46:13","date_gmt":"2025-07-16T10:46:13","guid":{"rendered":"https:\/\/www.europesays.com\/fr\/251102\/"},"modified":"2025-07-16T10:46:13","modified_gmt":"2025-07-16T10:46:13","slug":"elle-manque-de-se-noyer-la-police-la-verbalise-pour-baignade-interdite","status":"publish","type":"post","link":"https:\/\/www.europesays.com\/fr\/251102\/","title":{"rendered":"elle manque de se noyer, la police la verbalise pour baignade interdite"},"content":{"rendered":"<p>\t\t\t\t\t\t\t\t\t\t\t<img loading=\"lazy\" decoding=\"async\" width=\"1110\" title=\"Pr\u00e8s de Grenoble : elle manque de se noyer, la police la verbalise pour baignade interdite\" class=\"img-fluid not_lzld mb-3\" src=\"https:\/\/grandgrenoble.alpes1.com\/media\/news\/thumb\/1110x624_pres-de-grenoble-elle-manque-de-se-noyer-la-police-la-verbalise-pour-baignade-interdite_68775b69a651f.webp\" alt=\"Pr\u00e8s de Grenoble : elle manque de se noyer, la police la verbalise pour baignade interdite\" itemprop=\"image\" height=\"624\"\/>\t\t\t\t\t\t\t\t\t\t\t\t<\/p>\n<p>Pr\u00e8s de Grenoble : elle manque de se noyer, la police la verbalise pour baignade interdite &#8211; DR<\/p>\n<p itemprop=\"description\"><strong>Un couple a \u00e9t\u00e9 surpris par une mont\u00e9e du niveau de l\u2019eau dans le Drac alors qu\u2019elle se mouillait les pieds et que lui p\u00eachait. L\u2019homme a r\u00e9ussi \u00e0 sortir de l\u2019eau, tandis que la femme a d\u00fb \u00eatre secourue.<\/strong><\/p>\n<p>Les faits se sont d\u00e9roul\u00e9s ce dimanche 13 juillet vers 19h \u00e0 la Combe de Savaux, sur la commune de Quet-en-Beaumont. Un couple originaire du secteur s\u2019est rendu dans le lit de la rivi\u00e8re du Drac malgr\u00e9 l\u2019interdiction de baignade. Alors que la femme, \u00e2g\u00e9e de 54 ans, trempait ses pied et l\u2019homme, \u00e2g\u00e9 de 56 ans, p\u00eachait, ils furent surpris par une mont\u00e9e des eaux rapide.<\/p>\n<p>Selon les \u00e9l\u00e9ments confirm\u00e9s par EDF, une variation du d\u00e9bit d\u2019eau a bien eu lieu en lien avec l\u2019activit\u00e9 de la centrale hydro\u00e9lectrique de Cord\u00e9ac.<\/p>\n<p>Le couple fut alors emport\u00e9 par les eaux. L\u2019homme a r\u00e9ussi \u00e0 s\u2019accrocher \u00e0 une branche d\u2019arbre, puis \u00e0 rejoindre la berge par ses propres moyens. Cependant, sa femme a d\u00fb se r\u00e9fugier sur un \u00eelot selon le Dauphin\u00e9 Lib\u00e9r\u00e9.<\/p>\n<p>Une fois alert\u00e9s, les sapeurs-pompiers ont imm\u00e9diatement envoy\u00e9 d\u2019importants effectifs sur place. Des agents d\u2019astreinte chez EDF ont ensuite \u00e9t\u00e9 contact\u00e9s afin de faire baisser le niveau de l\u2019eau le plus rapidement possible. La femme a pu \u00eatre r\u00e9cup\u00e9r\u00e9e par une \u00e9quipe de sapeur-pompiers.<\/p>\n<p>Des gendarmes de la compagnie de La Mure se sont \u00e9galement rendus sur place et ont pu verbaliser le couple pour non-respect de l\u2019interdiction de baignade.<\/p>\n","protected":false},"excerpt":{"rendered":"Pr\u00e8s de Grenoble : elle manque de se noyer, la police la verbalise pour baignade interdite &#8211; DR&hellip;\n","protected":false},"author":2,"featured_media":251103,"comment_status":"","ping_status":"","sticky":false,"template":"","format":"standard","meta":{"footnotes":""},"categories":[9566],"tags":[1111,11,7733,8279,2430,7736,650,7734,2889,2263,1777,674,1011,27,2731,8280,6417,1114,108,4662,12,3725,1825,25,7737],"class_list":{"0":"post-251102","1":"post","2":"type-post","3":"status-publish","4":"format-standard","5":"has-post-thumbnail","7":"category-grenoble","8":"tag-actu","9":"tag-actualites","10":"tag-alpes","11":"tag-alpes1","12":"tag-auvergne-rhone-alpes","13":"tag-cds","14":"tag-cinema","15":"tag-ecoute","16":"tag-emission","17":"tag-equipe","18":"tag-eu","19":"tag-europe","20":"tag-fr","21":"tag-france","22":"tag-grenoble","23":"tag-haute","24":"tag-information","25":"tag-infos","26":"tag-isere","27":"tag-journal","28":"tag-news","29":"tag-podcast","30":"tag-radio","31":"tag-republique-francaise","32":"tag-winamp"},"share_on_mastodon":{"url":"https:\/\/pubeurope.com\/@fr\/114862515102565479","error":""},"_links":{"self":[{"href":"https:\/\/www.europesays.com\/fr\/wp-json\/wp\/v2\/posts\/251102","targetHints":{"allow":["GET"]}}],"collection":[{"href":"https:\/\/www.europesays.com\/fr\/wp-json\/wp\/v2\/posts"}],"about":[{"href":"https:\/\/www.europesays.com\/fr\/wp-json\/wp\/v2\/types\/post"}],"author":[{"embeddable":true,"href":"https:\/\/www.europesays.com\/fr\/wp-json\/wp\/v2\/users\/2"}],"replies":[{"embeddable":true,"href":"https:\/\/www.europesays.com\/fr\/wp-json\/wp\/v2\/comments?post=251102"}],"version-history":[{"count":0,"href":"https:\/\/www.europesays.com\/fr\/wp-json\/wp\/v2\/posts\/251102\/revisions"}],"wp:featuredmedia":[{"embeddable":true,"href":"https:\/\/www.europesays.com\/fr\/wp-json\/wp\/v2\/media\/251103"}],"wp:attachment":[{"href":"https:\/\/www.europesays.com\/fr\/wp-json\/wp\/v2\/media?parent=251102"}],"wp:term":[{"taxonomy":"category","embeddable":true,"href":"https:\/\/www.europesays.com\/fr\/wp-json\/wp\/v2\/categories?post=251102"},{"taxonomy":"post_tag","embeddable":true,"href":"https:\/\/www.europesays.com\/fr\/wp-json\/wp\/v2\/tags?post=251102"}],"curies":[{"name":"wp","href":"https:\/\/api.w.org\/{rel}","templated":true}]}}