{"id":251104,"date":"2025-07-16T10:47:13","date_gmt":"2025-07-16T10:47:13","guid":{"rendered":"https:\/\/www.europesays.com\/fr\/251104\/"},"modified":"2025-07-16T10:47:13","modified_gmt":"2025-07-16T10:47:13","slug":"selon-les-avis-google-ce-restaurant-est-le-meilleur-de-rennes-et-non-ce-nest-pas-une-creperie","status":"publish","type":"post","link":"https:\/\/www.europesays.com\/fr\/251104\/","title":{"rendered":"Selon les avis Google, ce restaurant est le meilleur de Rennes (et non, ce n&rsquo;est pas une cr\u00eaperie !)"},"content":{"rendered":"<p>            Par<br \/>\n        <strong><br \/>\n            <a href=\"https:\/\/actu.fr\/auteur\/clemence-pays02-actu-fr\" title=\"Consulter tous les articles de Cl\u00e9mence Pays\" target=\"_blank\" rel=\"noopener\">Cl\u00e9mence Pays<\/a><br \/>\n        <\/strong><\/p>\n<p>        Publi\u00e9 le<\/p>\n<p>            16 juil. 2025 \u00e0 12h27        <\/p>\n<p><img decoding=\"async\" loading=\"lazy\" src=\"https:\/\/www.europesays.com\/fr\/wp-content\/uploads\/2025\/07\/la-bonne-excuse-rennes-anatole-france-restaurant-7-960x640.jpg\" alt=\"v\" width=\"960\" height=\"640\"\/>Cuisine fran\u00e7aise, afghane, libanaise ou encore asiatique figurent au classement des restaurants les mieux not\u00e9s de Rennes, en 2025. (\u00a9 Illustration C.P.\/actu Rennes)<\/p>\n<p class=\" wall-content\">Il y a ceux qui aiment fl\u00e2ner et se laisser surprendre par un restaurant au gr\u00e9 de leur promenade. Et il y a ceux qui pr\u00e9f\u00e8rent analyser les diff\u00e9rents commentaires en ligne, avant de choisir o\u00f9 manger. Pour ces derniers, un r\u00e9cent <strong>classement<\/strong> pourrait s\u2019av\u00e9rer utile.<\/p>\n<p class=\" wall-content\">Fin juin\u00a02025, <a href=\"https:\/\/sundayapp.com\/fr\/classement-restaurants-mieux-notes-google\/\" target=\"_blank\" rel=\"noopener\">sunday<\/a> \u2013 entreprise sp\u00e9cialis\u00e9e dans les solutions de paiement au restaurant \u2013 a publi\u00e9 son classement \u00ab\u2009des <strong>restaurants les mieux not\u00e9s<\/strong> dans les onze plus grandes m\u00e9tropoles fran\u00e7aises\u2009\u00bb, dont <a href=\"https:\/\/actu.fr\/rennes\/\" target=\"_blank\" rel=\"noopener\">Rennes<\/a>.<\/p>\n<p>M\u00e9thodologie du classement<\/p>\n<p>\u00ab\u00a0Pour \u00e9tablir ce classement, sunday a analys\u00e9 les notes Google Reviews d&rsquo;\u00e9tablissements \u00e0 l&rsquo;aide d&rsquo;un algorithme sur mesure, prenant en compte la note moyenne, le volume d&rsquo;avis et appliquant une pond\u00e9ration qui valorise les tr\u00e8s bonnes notes tout en limitant les effets de masse.\u00a0\u00bb<\/p>\n<p>Le top\u00a030 des restaurants les mieux not\u00e9s \u00e0 Rennes<\/p>\n<p class=\" wall-content\">Sans surprise pour une ville bretonne, les cr\u00eaperies tirent leur \u00e9pingle du jeu dans ce classement. Mais la <strong>premi\u00e8re marche du podium<\/strong> revient au restaurant <strong>Saveurs afghanes,<\/strong> avenue Aristide-Briand.<\/p>\n<p>Vid\u00e9os : en ce moment sur Actu<\/p>\n<p class=\" wall-content\">Voici les <strong>30 restaurants<\/strong> de Rennes les mieux not\u00e9s selon les avis Google\u2009:<\/p>\n<ol class=\" wall-content\">\n<li>Saveurs afghanes \u2013 5\/5 (776 avis) \u2013 afghan\u2009;<\/li>\n<li>Bretone \u2013 4,7\/5 (3\u2009266 avis) \u2013 cr\u00eaperie, salon de th\u00e9\u2009;<\/li>\n<li>Ouzh-Taol \u2013 4,8\/5 (1\u2009303 avis) \u2013 cr\u00eaperie\u2009;<\/li>\n<li>Sakura Ya \u2013 4,9\/5 (776 avis) \u2013 japonais\u2009;<\/li>\n<li>La Saint-Georges \u2013 4,7\/5 (2\u2009348) \u2013 cr\u00eaperie\u2009;<\/li>\n<li>Sarrasin \u2013 4,7\/5 (2\u2009105) \u2013 cr\u00eaperie\u2009;<\/li>\n<li>Cr\u00eaperie du Pont-Levis \u2013 4,8\/5 (988 avis) \u2013 cr\u00eaperie\u2009;<\/li>\n<li>POF \u2013 4,9\/5 (628 avis) \u2013 restaurant \u00e0 partager\u2009;<\/li>\n<li>Au march\u00e9 des Lices \u2013 4,6\/5 (3\u2009280 avis) \u2013 cr\u00eaperie\u2009;<\/li>\n<li>Mono \u2013 4,7\/5 (1\u2009777 avis) \u2013 bar, restaurant, pizza napolitaine\u2009;<\/li>\n<li>IMA \u2013 4,8\/5 (802 avis) \u2013 cuisine fran\u00e7aise et asiatique\u2009;<\/li>\n<li>Fezi \u2013 4,9\/5 (498 avis) \u2013 bistro\u2009;<\/li>\n<li>La Gavotte \u2013 4,6\/5 (2\u2009193 avis) \u2013 cr\u00eaperie\u2009;<\/li>\n<li>Falafel \u2013 4,8\/5 (686 avis) \u2013 libanais\u2009;<\/li>\n<li>Les Fils \u00e0 maman \u2013 4,5\/5 (2\u2009876 avis) \u2013 cuisine fran\u00e7aise\u2009;<\/li>\n<li>The Mix \u2013 4,8\/5 (613 avis) \u2013 cuisine m\u00e9diterran\u00e9enne\u2009;<\/li>\n<li>Armelle Cr\u00eaperie \u2013 4,8\/5 (570 avis) \u2013 cr\u00eaperie\u2009;<\/li>\n<li>Smash burguer | Smash Eats \u2013 4,8\/5 (561 avis) \u2013 burger\u2009;<\/li>\n<li>Dolma \u2013 4,8\/5 (544 avis) \u2013 tib\u00e9tain\u2009;<\/li>\n<li>Caneton \u2013 4,8\/5 (543 avis) \u2013 bistro\u2009;<\/li>\n<li>La Note des gourmets \u2013 4,9\/5 (412 avis) \u2013 cuisine fran\u00e7aise\u2009;<\/li>\n<li>Colibri cr\u00eaperie \u2013 4,8\/5 (528 avis) \u2013 cr\u00eaperie\u2009;<\/li>\n<li>L\u2019AOC \u2013 4,7\/5 (822 avis) \u2013 cuisine fran\u00e7aise\u2009;<\/li>\n<li>\u00a0Le 2 rue des Dames \u2013 4,8\/5 (521 avis) \u2013 bistro ;<\/li>\n<li><a href=\"https:\/\/actu.fr\/bretagne\/rennes_35238\/nouveau-a-rennes-on-a-teste-les-corn-dogs-de-ce-restaurant-coreen_61141154.html\" target=\"_blank\" rel=\"noopener\">Chikin Bang Korean street food<\/a> \u2013 4,6\/5 (1\u2009217 avis) \u2013 cor\u00e9en\u2009;<\/li>\n<li>BDS \u2013 4,4\/5 (2\u2009528 avis) \u2013 am\u00e9ricain\u2009;<\/li>\n<li>Graille, taverne de quartier \u2013 4,8\/5 (500 avis) \u2013 cuisine de table d\u2019h\u00f4tes\u2009;<\/li>\n<li>Coquille \u2013 4,6\/5 (1\u2009079 avis) \u2013 bistro\u2009;<\/li>\n<li>Racines \u2013 4,8\/5 (490 avis) \u2013 restaurant gastronomique\u2009;<\/li>\n<li>KFC Rennes, route de Lorient \u2013 4,3\/5 (3\u2009606 avis) \u2013 fast-food.<\/li>\n<\/ol>\n<p class=\" wall-content\">Suivez toute l\u2019actualit\u00e9 de vos villes et m\u00e9dias favoris en vous inscrivant \u00e0 <a href=\"https:\/\/moncompte.actu.fr\" title=\"D\u00e9couvez Mon Actu\" rel=\"nofollow noopener\" data-trk=\"{&quot;cta&quot;:{&quot;action&quot;:&quot;https:\\\/\\\/moncompte.actu.fr&quot;,&quot;category&quot;:&quot;mon compte&quot;,&quot;from&quot;:&quot;article footer&quot;,&quot;name&quot;:&quot;Mon actu&quot;,&quot;type&quot;:&quot;cta&quot;}}\" target=\"_blank\">Mon Actu<\/a>.<\/p>\n<ul class=\"ac-article-tag wall-content\">\n<li><a href=\"https:\/\/actu.fr\/tag\/restaurant\" data-trk=\"{&quot;cta&quot;:{&quot;action&quot;:&quot;Restaurant&quot;,&quot;category&quot;:&quot;tag&quot;,&quot;from&quot;:&quot;article footer&quot;,&quot;name&quot;:&quot;Restaurant&quot;,&quot;type&quot;:&quot;cta&quot;}}\" target=\"_blank\" rel=\"noopener\">#Restaurant<\/a><\/li>\n<li><a href=\"https:\/\/actu.fr\/tag\/restos-de-rennes\" data-trk=\"{&quot;cta&quot;:{&quot;action&quot;:&quot;Restos de Rennes&quot;,&quot;category&quot;:&quot;tag&quot;,&quot;from&quot;:&quot;article footer&quot;,&quot;name&quot;:&quot;Restos de Rennes&quot;,&quot;type&quot;:&quot;cta&quot;}}\" target=\"_blank\" rel=\"noopener\">#Restos de Rennes<\/a><\/li>\n<\/ul>\n","protected":false},"excerpt":{"rendered":"Par Cl\u00e9mence Pays Publi\u00e9 le 16 juil. 2025 \u00e0 12h27 Cuisine fran\u00e7aise, afghane, libanaise ou encore asiatique figurent&hellip;\n","protected":false},"author":2,"featured_media":251105,"comment_status":"","ping_status":"","sticky":false,"template":"","format":"standard","meta":{"footnotes":""},"categories":[2821],"tags":[1111,11,829,1777,674,1011,27,12,584,25,1340,10619,104],"class_list":{"0":"post-251104","1":"post","2":"type-post","3":"status-publish","4":"format-standard","5":"has-post-thumbnail","7":"category-rennes","8":"tag-actu","9":"tag-actualites","10":"tag-bretagne","11":"tag-eu","12":"tag-europe","13":"tag-fr","14":"tag-france","15":"tag-news","16":"tag-rennes","17":"tag-republique-francaise","18":"tag-restaurant","19":"tag-restos-de-rennes","20":"tag-societe"},"share_on_mastodon":{"url":"https:\/\/pubeurope.com\/@fr\/114862518716155153","error":""},"_links":{"self":[{"href":"https:\/\/www.europesays.com\/fr\/wp-json\/wp\/v2\/posts\/251104","targetHints":{"allow":["GET"]}}],"collection":[{"href":"https:\/\/www.europesays.com\/fr\/wp-json\/wp\/v2\/posts"}],"about":[{"href":"https:\/\/www.europesays.com\/fr\/wp-json\/wp\/v2\/types\/post"}],"author":[{"embeddable":true,"href":"https:\/\/www.europesays.com\/fr\/wp-json\/wp\/v2\/users\/2"}],"replies":[{"embeddable":true,"href":"https:\/\/www.europesays.com\/fr\/wp-json\/wp\/v2\/comments?post=251104"}],"version-history":[{"count":0,"href":"https:\/\/www.europesays.com\/fr\/wp-json\/wp\/v2\/posts\/251104\/revisions"}],"wp:featuredmedia":[{"embeddable":true,"href":"https:\/\/www.europesays.com\/fr\/wp-json\/wp\/v2\/media\/251105"}],"wp:attachment":[{"href":"https:\/\/www.europesays.com\/fr\/wp-json\/wp\/v2\/media?parent=251104"}],"wp:term":[{"taxonomy":"category","embeddable":true,"href":"https:\/\/www.europesays.com\/fr\/wp-json\/wp\/v2\/categories?post=251104"},{"taxonomy":"post_tag","embeddable":true,"href":"https:\/\/www.europesays.com\/fr\/wp-json\/wp\/v2\/tags?post=251104"}],"curies":[{"name":"wp","href":"https:\/\/api.w.org\/{rel}","templated":true}]}}