{"id":251108,"date":"2025-07-16T10:49:12","date_gmt":"2025-07-16T10:49:12","guid":{"rendered":"https:\/\/www.europesays.com\/fr\/251108\/"},"modified":"2025-07-16T10:49:12","modified_gmt":"2025-07-16T10:49:12","slug":"vous-pouvez-choisir-lhabillage-des-nouvelles-lignes-de-bus-voici-comment","status":"publish","type":"post","link":"https:\/\/www.europesays.com\/fr\/251108\/","title":{"rendered":"vous pouvez choisir l&rsquo;habillage des nouvelles lignes de bus, voici comment"},"content":{"rendered":"<p>            Par<br \/>\n        <strong><br \/>\n            <a href=\"https:\/\/actu.fr\/auteur\/emil-vautrin\" title=\"Consulter tous les articles de Emil Vautrin\" target=\"_blank\" rel=\"noopener\">Emil Vautrin<\/a><br \/>\n        <\/strong><\/p>\n<p>        Publi\u00e9 le<\/p>\n<p>            16 juil. 2025 \u00e0 12h29        <\/p>\n<p>Pour poursuivre sa <a href=\"https:\/\/actu.fr\/grand-est\/strasbourg_67482\/cts-plus-d-une-vingtaine-de-bus-decores-avec-d-attachants-petits-personnages-vont-rouler-a-strasbourg_62492807.html\" target=\"_blank\" rel=\"noopener\">d\u00e9marche d\u2019habillage artistique<\/a> des bus Chron\u2019hop, l\u2019Eurom\u00e9tropole de Strasbourg et la <a href=\"https:\/\/actu.fr\/grand-est\/strasbourg_67482\/strasbourg-la-cts-presente-ses-nouveaux-trams-decouvrez-leurs-specificites_62771159.html\" target=\"_blank\" rel=\"noopener\">CTS<\/a> lancent un nouveau vote en ligne, ouvert jusqu\u2019au 21 juillet \u00e0 12h. Cette fois-ci, vous pouvez choisir l\u2019habillage des <strong>lignes C4<\/strong> et <strong>C5<\/strong>, lanc\u00e9es en novembre prochain<\/p>\n<p class=\" wall-content\">Pour voter, vous pouvez vous rendre sur le <a href=\"https:\/\/cts-strasbourg.eu\/fr\/pratique\/vote-habillage-artistique-chronhop\/index.html\" target=\"_blank\" rel=\"noopener\">site de la CTS<\/a>, sur ses comptes Facebook ou Instagram.\u00a0<\/p>\n<p>Voici les habillages propos\u00e9s<\/p>\n<p class=\" wall-content\">Trois artistes par ligne ont pu proposer leur projet apr\u00e8s une s\u00e9lection. Pour la <strong>ligne C4<\/strong>, il s\u2019agit de Samuel Bas, Stephane Clor et Nahrae Lee :\u00a0<\/p>\n<p class=\" wall-content\">\n    <img   decoding=\"async\" loading=\"lazy\" src=\"https:\/\/www.europesays.com\/fr\/wp-content\/uploads\/2025\/07\/samuel-bas-web-1049x691px-01-960x640.jpg\" alt=\"Samuel Bas a souhait\u00e9 \" width=\"960\" height=\"640\"\/><br \/>\n    Samuel Bas a souhait\u00e9 \u00ab\u00a0cr\u00e9er une repr\u00e9sentation festive et color\u00e9e\u00a0\u00bb (\u00a9Samuel Bas)<br \/>\n    <img   decoding=\"async\" loading=\"lazy\" src=\"https:\/\/www.europesays.com\/fr\/wp-content\/uploads\/2025\/07\/stephane-clor-web-1049x691px-03-960x640.jpg\" alt=\"\" width=\"960\" height=\"640\"\/><br \/>\n    \u00ab\u00a0Un graphisme pens\u00e9 comme une partition\u00a0\u00bb, c\u2019est ce qu\u2019a voulu proposer Stephane Clor (\u00a9Stephane Clor)<br \/>\n    <img   decoding=\"async\" loading=\"lazy\" src=\"https:\/\/www.europesays.com\/fr\/wp-content\/uploads\/2025\/07\/nahrae-lee-web-1049x691px-03-960x640.jpg\" alt=\"Nahrae Lee a quant \u00e0 elle imagin\u00e9 le bus comme une architecture nomade, toujours en mouvement.\" width=\"960\" height=\"640\"\/><br \/>\n    Nahrae Lee a quant \u00e0 elle imagin\u00e9 le bus comme une architecture nomade, toujours en mouvement. (\u00a9Nahrae Lee)<\/p>\n<p class=\" wall-content\">Les trois artistes ayant travaill\u00e9 sur la<strong> ligne C5<\/strong> ont sp\u00e9cifiquement \u00ab\u00a0\u00e9t\u00e9 invit\u00e9s \u00e0 mettre en valeur la place des femmes dans l\u2019espace public\u00a0\u00bb, explique la CTS :\u00a0<\/p>\n<p class=\" wall-content\">\n    <img   decoding=\"async\" loading=\"lazy\" src=\"https:\/\/www.europesays.com\/fr\/wp-content\/uploads\/2025\/07\/valentine-cotte-web-1049x691px-03-960x640.jpg\" alt=\"\" width=\"960\" height=\"640\"\/><br \/>\n    \u00ab\u00a0J\u2019ai imagin\u00e9 une ronde de femmes. Comme une danse sororale, ou une c\u00e9l\u00e9bration de la pluralit\u00e9 des corps\u00a0\u00bb. (\u00a9Valentine Cotte)<br \/>\n    <img   decoding=\"async\" loading=\"lazy\" src=\"https:\/\/www.europesays.com\/fr\/wp-content\/uploads\/2025\/07\/maelle-magnin-feysot-web-1049x691px-03-960x640.jpg\" alt=\"Pour sa proposition, Ma\u00eblle Magnin Feysot a voulu rendre hommage au travail d'autres artistes f\u00e9minines.\" width=\"960\" height=\"640\"\/><br \/>\n    Pour sa proposition, Ma\u00eblle Magnin Feysot a voulu rendre hommage au travail d\u2019autres artistes f\u00e9minines. (\u00a9Ma\u00eblle Magnin Feysot)<br \/>\n    <img   decoding=\"async\" loading=\"lazy\" src=\"https:\/\/www.europesays.com\/fr\/wp-content\/uploads\/2025\/07\/camille-fischer-web-1049x691px-03-960x640.jpg\" alt=\"\" width=\"960\" height=\"640\"\/><br \/>\n    \u00ab\u00a0J\u2019ai eu envie de c\u00e9l\u00e9brer la premi\u00e8re femme \u00e0 avoir fait le tour du monde, Jeanne Barret. (\u00a9Camille Fischer)<\/p>\n<p class=\" wall-content\">Les r\u00e9sultats seront annonc\u00e9s mardi 22 juillet.<\/p>\n<p>Vid\u00e9os : en ce moment sur Actu<\/p>\n<p class=\" wall-content\">Suivez toute l\u2019actualit\u00e9 de vos villes et m\u00e9dias favoris en vous inscrivant \u00e0 <a href=\"https:\/\/moncompte.actu.fr\" title=\"D\u00e9couvez Mon Actu\" rel=\"nofollow noopener\" data-trk=\"{&quot;cta&quot;:{&quot;action&quot;:&quot;https:\\\/\\\/moncompte.actu.fr&quot;,&quot;category&quot;:&quot;mon compte&quot;,&quot;from&quot;:&quot;article footer&quot;,&quot;name&quot;:&quot;Mon actu&quot;,&quot;type&quot;:&quot;cta&quot;}}\" target=\"_blank\">Mon Actu<\/a>.<\/p>\n<ul class=\"ac-article-tag wall-content\">\n<li><a href=\"https:\/\/actu.fr\/tag\/compagnie-des-transports-strasbourgeois-cts\" data-trk=\"{&quot;cta&quot;:{&quot;action&quot;:&quot;Compagnie des transports strasbourgeois (CTS)&quot;,&quot;category&quot;:&quot;tag&quot;,&quot;from&quot;:&quot;article footer&quot;,&quot;name&quot;:&quot;Compagnie des transports strasbourgeois (CTS)&quot;,&quot;type&quot;:&quot;cta&quot;}}\" target=\"_blank\" rel=\"noopener\">#Compagnie des transports strasbourgeois (CTS)<\/a><\/li>\n<li><a href=\"https:\/\/actu.fr\/tag\/transport\" data-trk=\"{&quot;cta&quot;:{&quot;action&quot;:&quot;Transport&quot;,&quot;category&quot;:&quot;tag&quot;,&quot;from&quot;:&quot;article footer&quot;,&quot;name&quot;:&quot;Transport&quot;,&quot;type&quot;:&quot;cta&quot;}}\" target=\"_blank\" rel=\"noopener\">#Transport<\/a><\/li>\n<\/ul>\n","protected":false},"excerpt":{"rendered":"Par Emil Vautrin Publi\u00e9 le 16 juil. 2025 \u00e0 12h29 Pour poursuivre sa d\u00e9marche d\u2019habillage artistique des bus&hellip;\n","protected":false},"author":2,"featured_media":251109,"comment_status":"","ping_status":"","sticky":false,"template":"","format":"standard","meta":{"footnotes":""},"categories":[2820],"tags":[1111,11,7344,1777,674,1011,27,775,12,25,104,640,2803],"class_list":{"0":"post-251108","1":"post","2":"type-post","3":"status-publish","4":"format-standard","5":"has-post-thumbnail","7":"category-strasbourg","8":"tag-actu","9":"tag-actualites","10":"tag-compagnie-des-transports-strasbourgeois-cts","11":"tag-eu","12":"tag-europe","13":"tag-fr","14":"tag-france","15":"tag-grand-est","16":"tag-news","17":"tag-republique-francaise","18":"tag-societe","19":"tag-strasbourg","20":"tag-transport"},"share_on_mastodon":{"url":"https:\/\/pubeurope.com\/@fr\/114862526835095605","error":""},"_links":{"self":[{"href":"https:\/\/www.europesays.com\/fr\/wp-json\/wp\/v2\/posts\/251108","targetHints":{"allow":["GET"]}}],"collection":[{"href":"https:\/\/www.europesays.com\/fr\/wp-json\/wp\/v2\/posts"}],"about":[{"href":"https:\/\/www.europesays.com\/fr\/wp-json\/wp\/v2\/types\/post"}],"author":[{"embeddable":true,"href":"https:\/\/www.europesays.com\/fr\/wp-json\/wp\/v2\/users\/2"}],"replies":[{"embeddable":true,"href":"https:\/\/www.europesays.com\/fr\/wp-json\/wp\/v2\/comments?post=251108"}],"version-history":[{"count":0,"href":"https:\/\/www.europesays.com\/fr\/wp-json\/wp\/v2\/posts\/251108\/revisions"}],"wp:featuredmedia":[{"embeddable":true,"href":"https:\/\/www.europesays.com\/fr\/wp-json\/wp\/v2\/media\/251109"}],"wp:attachment":[{"href":"https:\/\/www.europesays.com\/fr\/wp-json\/wp\/v2\/media?parent=251108"}],"wp:term":[{"taxonomy":"category","embeddable":true,"href":"https:\/\/www.europesays.com\/fr\/wp-json\/wp\/v2\/categories?post=251108"},{"taxonomy":"post_tag","embeddable":true,"href":"https:\/\/www.europesays.com\/fr\/wp-json\/wp\/v2\/tags?post=251108"}],"curies":[{"name":"wp","href":"https:\/\/api.w.org\/{rel}","templated":true}]}}