{"id":251116,"date":"2025-07-16T10:53:19","date_gmt":"2025-07-16T10:53:19","guid":{"rendered":"https:\/\/www.europesays.com\/fr\/251116\/"},"modified":"2025-07-16T10:53:19","modified_gmt":"2025-07-16T10:53:19","slug":"un-vehicule-atypique-pour-securiser-la-voirie","status":"publish","type":"post","link":"https:\/\/www.europesays.com\/fr\/251116\/","title":{"rendered":"Un v\u00e9hicule atypique pour s\u00e9curiser la voirie"},"content":{"rendered":"<p>D\u00e8s aujourd\u2019hui, un v\u00e9hicule atypique circule sur les routes de la communaut\u00e9 de communes qui comprend <a href=\"https:\/\/saint-nazaire.maville.com\/pays-de-la-loire\/loire-atlantique\/saint-brevin-les-pins\/\" target=\"_blank\" rel=\"noopener\">Saint-Brevin-les-Pins<\/a> pour effectuer des relev\u00e9s cartographiques. Cette op\u00e9ration s\u2019inscrit dans le cadre du d\u00e9ploiement du Plan de Corps de Rue Simplifi\u00e9 (PCRS) Vecteur, pilot\u00e9 par Territoire d\u2019\u00c9nergie Loire-Atlantique (TE44) et Atlantic\u2019eau. Ce v\u00e9hicule de la soci\u00e9t\u00e9 GEOFIT\u00a0embarque capteurs laser, GPS diff\u00e9rentiel et cam\u00e9ras 360\u00b0, afin de produire une cartographie technique tr\u00e8s pr\u00e9cise de l\u2019espace public, venant enrichir le PCRS Vecteur.<\/p>\n<p>\u00c0 quoi sert ce plan ?<\/p>\n<p>Ce plan sert aux entreprises de travaux et aux exploitants de r\u00e9seaux publics ou priv\u00e9s (eau, \u00e9lectricit\u00e9, t\u00e9l\u00e9coms,\u00a0etc.) pour anticiper les risques lors des interventions, en particulier dans les secteurs denses o\u00f9 les r\u00e9seaux sont nombreux et souvent enterr\u00e9s. Il sera pr\u00e9sent sur Frossay, Saint-Viaud et Paimboeuf du 15 au 18\u00a0juillet, Corsept et Saint-P\u00e8re du 4 au 8 et du 11 au 14\u00a0ao\u00fbt, avant de circuler sur\u00a0Saint-Br\u00e9vin apr\u00e8s l\u2019\u00e9t\u00e9. \u00c0 noter que les plaques d\u2019immatriculation ou les visages qui pourraient \u00eatre photographi\u00e9s seront obligatoirement flout\u00e9s pour garantir le respect de la vie priv\u00e9e.<\/p>\n<p>\u00a0<\/p>\n","protected":false},"excerpt":{"rendered":"D\u00e8s aujourd\u2019hui, un v\u00e9hicule atypique circule sur les routes de la communaut\u00e9 de communes qui comprend Saint-Brevin-les-Pins pour&hellip;\n","protected":false},"author":2,"featured_media":251117,"comment_status":"","ping_status":"","sticky":false,"template":"","format":"standard","meta":{"footnotes":""},"categories":[2818],"tags":[1111,11,39120,1777,674,1011,27,766,12,2636,25,20230,12109,39121],"class_list":{"0":"post-251116","1":"post","2":"type-post","3":"status-publish","4":"format-standard","5":"has-post-thumbnail","7":"category-nantes","8":"tag-actu","9":"tag-actualites","10":"tag-atypique","11":"tag-eu","12":"tag-europe","13":"tag-fr","14":"tag-france","15":"tag-nantes","16":"tag-news","17":"tag-pays-de-la-loire","18":"tag-republique-francaise","19":"tag-securiser","20":"tag-vehicule","21":"tag-voirie"},"share_on_mastodon":{"url":"https:\/\/pubeurope.com\/@fr\/114862542336068694","error":""},"_links":{"self":[{"href":"https:\/\/www.europesays.com\/fr\/wp-json\/wp\/v2\/posts\/251116","targetHints":{"allow":["GET"]}}],"collection":[{"href":"https:\/\/www.europesays.com\/fr\/wp-json\/wp\/v2\/posts"}],"about":[{"href":"https:\/\/www.europesays.com\/fr\/wp-json\/wp\/v2\/types\/post"}],"author":[{"embeddable":true,"href":"https:\/\/www.europesays.com\/fr\/wp-json\/wp\/v2\/users\/2"}],"replies":[{"embeddable":true,"href":"https:\/\/www.europesays.com\/fr\/wp-json\/wp\/v2\/comments?post=251116"}],"version-history":[{"count":0,"href":"https:\/\/www.europesays.com\/fr\/wp-json\/wp\/v2\/posts\/251116\/revisions"}],"wp:featuredmedia":[{"embeddable":true,"href":"https:\/\/www.europesays.com\/fr\/wp-json\/wp\/v2\/media\/251117"}],"wp:attachment":[{"href":"https:\/\/www.europesays.com\/fr\/wp-json\/wp\/v2\/media?parent=251116"}],"wp:term":[{"taxonomy":"category","embeddable":true,"href":"https:\/\/www.europesays.com\/fr\/wp-json\/wp\/v2\/categories?post=251116"},{"taxonomy":"post_tag","embeddable":true,"href":"https:\/\/www.europesays.com\/fr\/wp-json\/wp\/v2\/tags?post=251116"}],"curies":[{"name":"wp","href":"https:\/\/api.w.org\/{rel}","templated":true}]}}