{"id":251118,"date":"2025-07-16T10:54:11","date_gmt":"2025-07-16T10:54:11","guid":{"rendered":"https:\/\/www.europesays.com\/fr\/251118\/"},"modified":"2025-07-16T10:54:11","modified_gmt":"2025-07-16T10:54:11","slug":"fc-nantes-mercato-nouveau-revirement-de-situation-lunaire-pour-castelletto","status":"publish","type":"post","link":"https:\/\/www.europesays.com\/fr\/251118\/","title":{"rendered":"FC Nantes Mercato : nouveau revirement de situation lunaire pour Castelletto !"},"content":{"rendered":"<p><strong>Si le d\u00e9part de Jean-Charles Castelletto (30 ans) semblait en bonne voie au FC Nantes, rien n\u2019\u00e9tait encore finalis\u00e9 mardi soir. \u00c0 date, certaines zones d\u2019ombre demeurent.\u00a0<\/strong><\/p>\n<p>\ud83d\udfe8<strong> N\u00e9gociation en cours<\/strong><\/p>\n<p><a href=\"https:\/\/www.butfootballclub.fr\/fc-nantes-mercato-revirement-pour-castelletto-les-canaris-recuperent-plus-dargent\/\" rel=\"nofollow noopener\" target=\"_blank\">Jean-Charles Castelletto<\/a> pensait avoir boucl\u00e9 son avenir mais non\u00a0! Le d\u00e9fenseur central du FC Nantes, \u00e2g\u00e9 de 30 ans, semblait bien parti pour s\u2019engager avec Al-Wakrah, club de premi\u00e8re division qatarienne, sur la base d\u2019un transfert estim\u00e9 \u00e0 3,5 millions d\u2019euros. Les discussions \u00e9taient avanc\u00e9es, les documents en cours de finalisation, et tout laissait penser que l\u2019international camerounais allait d\u00e9couvrir le championnat du Qatar cet \u00e9t\u00e9.<\/p>\n<p>Mais voil\u00e0, un nouveau rebondissement est venu bouleverser la donne. Castelletto a \u00e9galement re\u00e7u une approche concr\u00e8te d\u2019Al-Jazira Club, formation des \u00c9mirats arabes unis, qui a visiblement su \u00e9veiller l\u2019int\u00e9r\u00eat du joueur. Selon plusieurs sources proches du dossier, le d\u00e9fenseur aurait commenc\u00e9 \u00e0 revoir sa position en faveur d\u2019un d\u00e9part vers les \u00c9mirats, quitte \u00e0 abandonner l\u2019accord trouv\u00e9 avec Al-Wakrah.<\/p>\n<p>\u00ab\u00a0Rien n\u2019est encore s\u00fbr dans ce dossier \u00e9tonnant\u00a0\u00bb<\/p>\n<p>En interne, L\u2019\u00c9quipe affirme que le <a href=\"https:\/\/www.butfootballclub.fr\/fc-nantes-mercato-un-ancien-de-la-maison-pour-succeder-a-castelletto\/\" rel=\"nofollow noopener\" target=\"_blank\">FC Nantes<\/a> reste dans l\u2019attente. Les Canaris, qui comptaient sur cette vente pour r\u00e9investir sur le march\u00e9, doivent maintenant patienter, car rien n\u2019\u00e9tait encore sign\u00e9 ce mardi soir. \u00ab\u00a0Rien n\u2019est encore s\u00fbr dans ce dossier \u00e9tonnant\u00a0\u00bb, pr\u00e9cise le quotidien sportif. Le joueur, lui, temporise et souhaite \u00e9tudier toutes les options avant de trancher. Une d\u00e9cision pourrait intervenir rapidement, mais le flou persiste.<\/p>\n<p>Ce dossier, a priori simple, devient un feuilleton inattendu du mercato estival. Et du c\u00f4t\u00e9 du FCN, on esp\u00e8re surtout que ce revirement ne fera pas capoter une op\u00e9ration quasiment conclue, alors que les plans de recrutement d\u00e9pendent en partie de ce d\u00e9part.<\/p>\n<p>\u00ab\u00a0Le coup d\u2019\u0153il de But FC\u00a0\u00bb<\/p>\n<p>\u00ab\u00a0Si un dernier contretemps est venu refroidir le d\u00e9part de Castelletto, on imagine que le <a href=\"https:\/\/www.butfootballclub.fr\/fc-nantes-mercato-alban-lafont-a-trouve-un-point-de-chute\/\" rel=\"nofollow noopener\" target=\"_blank\">FC Nantes <\/a>devrait r\u00e9gler ce petit diff\u00e9rend rapidement. Et pour cause, son rempla\u00e7ant annonc\u00e9 Chidozie Awaziem patiente en salle d\u2019attente.\u00a0\u00bb<\/p>\n","protected":false},"excerpt":{"rendered":"Si le d\u00e9part de Jean-Charles Castelletto (30 ans) semblait en bonne voie au FC Nantes, rien n\u2019\u00e9tait encore&hellip;\n","protected":false},"author":2,"featured_media":251119,"comment_status":"","ping_status":"","sticky":false,"template":"","format":"standard","meta":{"footnotes":""},"categories":[2818],"tags":[1111,11,448,1777,674,63,1011,27,66,3388,766,12,2636,25,10662],"class_list":{"0":"post-251118","1":"post","2":"type-post","3":"status-publish","4":"format-standard","5":"has-post-thumbnail","7":"category-nantes","8":"tag-actu","9":"tag-actualites","10":"tag-champions-league","11":"tag-eu","12":"tag-europe","13":"tag-football","14":"tag-fr","15":"tag-france","16":"tag-ligue-1","17":"tag-matchs","18":"tag-nantes","19":"tag-news","20":"tag-pays-de-la-loire","21":"tag-republique-francaise","22":"tag-transferts"},"share_on_mastodon":{"url":"https:\/\/pubeurope.com\/@fr\/114862546207418225","error":""},"_links":{"self":[{"href":"https:\/\/www.europesays.com\/fr\/wp-json\/wp\/v2\/posts\/251118","targetHints":{"allow":["GET"]}}],"collection":[{"href":"https:\/\/www.europesays.com\/fr\/wp-json\/wp\/v2\/posts"}],"about":[{"href":"https:\/\/www.europesays.com\/fr\/wp-json\/wp\/v2\/types\/post"}],"author":[{"embeddable":true,"href":"https:\/\/www.europesays.com\/fr\/wp-json\/wp\/v2\/users\/2"}],"replies":[{"embeddable":true,"href":"https:\/\/www.europesays.com\/fr\/wp-json\/wp\/v2\/comments?post=251118"}],"version-history":[{"count":0,"href":"https:\/\/www.europesays.com\/fr\/wp-json\/wp\/v2\/posts\/251118\/revisions"}],"wp:featuredmedia":[{"embeddable":true,"href":"https:\/\/www.europesays.com\/fr\/wp-json\/wp\/v2\/media\/251119"}],"wp:attachment":[{"href":"https:\/\/www.europesays.com\/fr\/wp-json\/wp\/v2\/media?parent=251118"}],"wp:term":[{"taxonomy":"category","embeddable":true,"href":"https:\/\/www.europesays.com\/fr\/wp-json\/wp\/v2\/categories?post=251118"},{"taxonomy":"post_tag","embeddable":true,"href":"https:\/\/www.europesays.com\/fr\/wp-json\/wp\/v2\/tags?post=251118"}],"curies":[{"name":"wp","href":"https:\/\/api.w.org\/{rel}","templated":true}]}}