{"id":25112,"date":"2025-04-14T20:19:26","date_gmt":"2025-04-14T20:19:26","guid":{"rendered":"https:\/\/www.europesays.com\/fr\/25112\/"},"modified":"2025-04-14T20:19:26","modified_gmt":"2025-04-14T20:19:26","slug":"ce-chanteur-iconique-a-la-voix-puissante-va-donner-plusieurs-concerts-dans-le-nord","status":"publish","type":"post","link":"https:\/\/www.europesays.com\/fr\/25112\/","title":{"rendered":"Ce chanteur iconique \u00e0 la voix puissante va donner plusieurs concerts dans le Nord"},"content":{"rendered":"<p>            Par<br \/>\n        <strong><br \/>\n            <a href=\"https:\/\/actu.fr\/auteur\/redaction-lille\" title=\"Consulter tous les articles de R\u00e9daction Lille\" target=\"_blank\" rel=\"noopener\">R\u00e9daction Lille<\/a><br \/>\n        <\/strong><\/p>\n<p>        Publi\u00e9 le<\/p>\n<p>            13 avr. 2025 \u00e0 15h42        <\/p>\n<p>C\u2019est un <b>artiste incontournable de la sc\u00e8ne francophone<\/b> qu\u2019on a plaisir \u00e0 bient\u00f4t retrouver en <b>concert<\/b>. Le <b>chanteur canadien Garou<\/b> revient \u00e0 la rencontre de son public avec un <b>spectacle<\/b> in\u00e9dit et profond\u00e9ment personnel : \u00ab\u00a0Garou solo\u00a0\u00bb. En 2026, il sera en tourn\u00e9e dans le <b>Nord<\/b> et le <b>Pas-de-Calais<\/b> pour quatre dates : les 3 et 4 mars \u00e0 <b>Lille Grand Palais<\/b>, le 6 mars au <b>Casino d\u2019Arras<\/b> et le 12 d\u00e9cembre au <b>Palais des Congr\u00e8s du Touquet-Paris-Plage<\/b>.<\/p>\n<p>Garou retrace plus de 30 ans de carri\u00e8re sur sc\u00e8ne<\/p>\n<p class=\" wall-content\">En avril 2025, Garou a d\u00e9voil\u00e9 \u00ab\u00a0Un meilleur lendemain\u00a0\u00bb, un album majeur dans son parcours : le tout premier en tant qu\u2019auteur-compositeur. L\u2019artiste a pris la plume parce qu\u2019il avait des choses \u00e0 dire. Le r\u00e9sultat : dix chansons tr\u00e8s intimes qui ont \u00e9t\u00e9 travaill\u00e9es avant tout pour la sc\u00e8ne et qui marquent un nouveau d\u00e9part, d\u00e9voilent une nouvelle vision musicale.\u00a0<\/p>\n<p class=\" wall-content\">Apr\u00e8s des ann\u00e9es de recherche sonore en r\u00e9sidence dans son studio, son nouveau spectacle \u00ab\u00a0Garou solo\u00a0\u00bb est une invitation en chansons dans un univers cin\u00e9matique et th\u00e9\u00e2tral.\u00a0<\/p>\n<p class=\" wall-content\"><a href=\"https:\/\/www.instagram.com\/p\/DIJi0kKutMP\/embed\" title=\"Ouvrir le lien sur Instagram\" target=\"_blank\" rel=\"noopener\">Visualiser le contenu sur Instagram<\/a><\/p>\n<p class=\" wall-content\">Seul en sc\u00e8ne, Garou prend la route avec son piano et sa guitare, tout en s\u2019accompagnant au moyen de diverses technologies. Dans une r\u00e9trospective autant autobiographique qu\u2019\u00e9clectique, il raconte en paroles et en musique cette vie compl\u00e8tement folle, ces exp\u00e9riences extraordinaires, ces moments de solitude en pleine nature, les grandes amiti\u00e9s et la richesse de l\u2019amour qui l\u2019entourent.<\/p>\n<p class=\" wall-content\">Revisitant ainsi plus de 30 ans de carri\u00e8re, il interpr\u00e8te ses chansons classiques et ses nouvelles pi\u00e8ces dans une mise en sc\u00e8ne \u00e9l\u00e9gante, soutenue par une sc\u00e9nographie tout en images.<\/p>\n<p>Vid\u00e9os : en ce moment sur Actu<\/p>\n<p class=\" wall-content\">Pour retrouver l\u2019artiste sur sc\u00e8ne, ne tardez pas \u00e0 prendre vos places, elles partent vite ! R\u00e9servez vos billets en <a href=\"https:\/\/garouofficiel.com\/en-concert\/\" target=\"_blank\" rel=\"noopener\">cliquant ici<\/a>.<\/p>\n<p class=\" wall-content\">Suivez toute l\u2019actualit\u00e9 de vos villes et m\u00e9dias favoris en vous inscrivant \u00e0 <a href=\"https:\/\/moncompte.actu.fr\" title=\"D\u00e9couvez Mon Actu\" rel=\"nofollow noopener\" data-trk=\"{&quot;cta&quot;:{&quot;action&quot;:&quot;https:\\\/\\\/moncompte.actu.fr&quot;,&quot;category&quot;:&quot;mon compte&quot;,&quot;from&quot;:&quot;article footer&quot;,&quot;name&quot;:&quot;Mon actu&quot;,&quot;type&quot;:&quot;cta&quot;}}\" target=\"_blank\">Mon Actu<\/a>.<\/p>\n<p>                    <script async src=\"\/\/www.instagram.com\/embed.js\"><\/script><\/p>\n","protected":false},"excerpt":{"rendered":"Par R\u00e9daction Lille Publi\u00e9 le 13 avr. 2025 \u00e0 15h42 C\u2019est un artiste incontournable de la sc\u00e8ne francophone&hellip;\n","protected":false},"author":2,"featured_media":25113,"comment_status":"","ping_status":"","sticky":false,"template":"","format":"standard","meta":{"footnotes":""},"categories":[2815],"tags":[1111,11,1695,1697,1777,674,1011,27,8105,811,1307,1652,12,25],"class_list":{"0":"post-25112","1":"post","2":"type-post","3":"status-publish","4":"format-standard","5":"has-post-thumbnail","7":"category-lille","8":"tag-actu","9":"tag-actualites","10":"tag-chanson","11":"tag-concert","12":"tag-eu","13":"tag-europe","14":"tag-fr","15":"tag-france","16":"tag-garou","17":"tag-hauts-de-france","18":"tag-lille","19":"tag-loisirs-culture","20":"tag-news","21":"tag-republique-francaise"},"share_on_mastodon":{"url":"https:\/\/pubeurope.com\/@fr\/114338172999745487","error":""},"_links":{"self":[{"href":"https:\/\/www.europesays.com\/fr\/wp-json\/wp\/v2\/posts\/25112","targetHints":{"allow":["GET"]}}],"collection":[{"href":"https:\/\/www.europesays.com\/fr\/wp-json\/wp\/v2\/posts"}],"about":[{"href":"https:\/\/www.europesays.com\/fr\/wp-json\/wp\/v2\/types\/post"}],"author":[{"embeddable":true,"href":"https:\/\/www.europesays.com\/fr\/wp-json\/wp\/v2\/users\/2"}],"replies":[{"embeddable":true,"href":"https:\/\/www.europesays.com\/fr\/wp-json\/wp\/v2\/comments?post=25112"}],"version-history":[{"count":0,"href":"https:\/\/www.europesays.com\/fr\/wp-json\/wp\/v2\/posts\/25112\/revisions"}],"wp:featuredmedia":[{"embeddable":true,"href":"https:\/\/www.europesays.com\/fr\/wp-json\/wp\/v2\/media\/25113"}],"wp:attachment":[{"href":"https:\/\/www.europesays.com\/fr\/wp-json\/wp\/v2\/media?parent=25112"}],"wp:term":[{"taxonomy":"category","embeddable":true,"href":"https:\/\/www.europesays.com\/fr\/wp-json\/wp\/v2\/categories?post=25112"},{"taxonomy":"post_tag","embeddable":true,"href":"https:\/\/www.europesays.com\/fr\/wp-json\/wp\/v2\/tags?post=25112"}],"curies":[{"name":"wp","href":"https:\/\/api.w.org\/{rel}","templated":true}]}}