{"id":251120,"date":"2025-07-16T10:55:14","date_gmt":"2025-07-16T10:55:14","guid":{"rendered":"https:\/\/www.europesays.com\/fr\/251120\/"},"modified":"2025-07-16T10:55:14","modified_gmt":"2025-07-16T10:55:14","slug":"nouveau-coup-dur-pour-les-vins-de-bordeaux","status":"publish","type":"post","link":"https:\/\/www.europesays.com\/fr\/251120\/","title":{"rendered":"nouveau coup dur pour les vins de Bordeaux"},"content":{"rendered":"<p>            Par<br \/>\n        <strong><br \/>\n            <a href=\"https:\/\/actu.fr\/auteur\/charlotte-lesprit\" title=\"Consulter tous les articles de Charlotte Lesprit\" rel=\"nofollow noopener\" target=\"_blank\">Charlotte Lesprit<\/a><br \/>\n        <\/strong><\/p>\n<p>        Publi\u00e9 le<\/p>\n<p>            16 juil. 2025 \u00e0 12h41        <\/p>\n<p>La profession scrute le moindre accord, reste alerte et pour cause\u2009: pour les producteurs girondins,<strong> le march\u00e9 am\u00e9ricain est loin d\u2019\u00eatre n\u00e9gligeable<\/strong>. Sara Briot-Lesage, responsable des relations presse au Conseil interprofessionnel du vin de Bordeaux (CIVB), reconna\u00eet que la profession est, d\u2019ici au 1er\u00a0ao\u00fbt 2025 \u2014 date d\u2019entr\u00e9e en vigueur de ces nouvelles taxes douani\u00e8res \u2014 dans l\u2019expectative\u2009: \u00ab\u2009Les vins de Bordeaux ont toujours \u00e9t\u00e9 une victime collat\u00e9rale de conflits vari\u00e9s.\u2009Les \u00c9tats-Unis sont <strong>un march\u00e9 historique tr\u00e8s important<\/strong>. Ces n\u00e9gociations nous d\u00e9passent\u2009: nous attendons et nous ne pouvons rien faire.\u2009\u00bb<\/p>\n<p class=\" wall-content\">En effet, les tensions commerciales sont \u00e0 leur comble entre l\u2019Union europ\u00e9enne et les \u00c9tats-Unis depuis que Donald Trump a annonc\u00e9, samedi 12\u00a0juillet, que <a href=\"https:\/\/actu.fr\/monde\/eliminer-les-obstacles-aux-echanges-pourquoi-donald-trump-annonce-30-de-droits-de-douane-pour-l-ue_62906065.html\" rel=\"nofollow noopener\" target=\"_blank\">les produits europ\u00e9ens arrivant sur le sol am\u00e9ricain seraient tax\u00e9s\u00a0\u00e0 30\u2009%<\/a>.<\/p>\n<p>30\u00a0millions de bouteilles export\u00e9es en 2024<\/p>\n<p class=\" wall-content\">Ces droits de douane am\u00e9ricains menacent directement la profession qui exporte une grande partie de son vin Outre-Atlantique. \u00ab\u2009En 2024, les \u00c9tats-Unis \u00e9taient la premi\u00e8re destination en volume avec <strong>224\u2009000 hectolitres export\u00e9s<\/strong>. Cela repr\u00e9sente 30\u00a0millions de bouteilles pour un chiffre d\u2019affaires de 417\u00a0millions d\u2019euros\u2009\u00bb, mentionne Sara Briot-Lesage tout en rappelant que ces parts repr\u00e9sentent<strong> 15\u2009% du volume des exportations<\/strong> toute appellation confondue.<\/p>\n<p class=\" wall-content\">Une hausse des taxes douani\u00e8res de 30\u2009% n\u2019impacterait <strong>pas que les grands crus du vignoble bordelais<\/strong>. Les donn\u00e9es communiqu\u00e9es par le CIVB montrent que le blanc sec repr\u00e9sente \u00e0 lui seul 16\u2009% des exportations et l\u2019appellation r\u00e9gionale bordeaux sup\u00e9rieur 46\u2009%.<\/p>\n<p class=\" wall-content\">En octobre\u00a02019, lors de son premier mandat, Donald Trump avait d\u00e9j\u00e0 <a href=\"https:\/\/actu.fr\/economie\/taxe-gafa-donald-trump-menace-surtaxer-produits-francais-jusqua-100_29843742.html\" rel=\"nofollow noopener\" target=\"_blank\">impos\u00e9 des droits de douane suppl\u00e9mentaire<\/a> de 25\u2009% sur plusieurs produits europ\u00e9ens, dont <a href=\"https:\/\/actu.fr\/politique\/donald-trump-menace-taxer-vin-francais-retorsion-la-taxe-gafa_26158795.html\" rel=\"nofollow noopener\" target=\"_blank\">les vins fran\u00e7ais<\/a>. Une mesure qui concernait les vins tranquilles (non effervescents) de moins de 14\u2009% d\u2019alcool et conditionn\u00e9s dans des bouteilles de moins de 2 litres.<\/p>\n<p>Vid\u00e9os : en ce moment sur Actu<\/p>\n<p class=\" wall-content\">La profession s\u2019\u00e9tait adapt\u00e9e entre diversification des march\u00e9s, baisse des marges et des prix ou encore avec des ajustements techniques\u2009: certains ont simplement<strong> chang\u00e9 les formats des bouteilles<\/strong> ou <strong>augment\u00e9 l\u00e9g\u00e8rement le degr\u00e9 d\u2019alcool<\/strong>. \u00c0 l\u2019inverse, d\u2019autres entreprises plus touch\u00e9es avaient d\u00fb r\u00e9duire leur production, reporter des investissements ou encore r\u00e9fl\u00e9chir \u00e0 une nouvelle strat\u00e9gie commerciale.<\/p>\n<p class=\" wall-content\">Suivez toute l\u2019actualit\u00e9 de vos villes et m\u00e9dias favoris en vous inscrivant \u00e0 <a href=\"https:\/\/moncompte.actu.fr\" title=\"D\u00e9couvez Mon Actu\" rel=\"nofollow noopener\" data-trk=\"{&quot;cta&quot;:{&quot;action&quot;:&quot;https:\\\/\\\/moncompte.actu.fr&quot;,&quot;category&quot;:&quot;mon compte&quot;,&quot;from&quot;:&quot;article footer&quot;,&quot;name&quot;:&quot;Mon actu&quot;,&quot;type&quot;:&quot;cta&quot;}}\" target=\"_blank\">Mon Actu<\/a>.<\/p>\n","protected":false},"excerpt":{"rendered":"Par Charlotte Lesprit Publi\u00e9 le 16 juil. 2025 \u00e0 12h41 La profession scrute le moindre accord, reste alerte&hellip;\n","protected":false},"author":2,"featured_media":251121,"comment_status":"","ping_status":"","sticky":false,"template":"","format":"standard","meta":{"footnotes":""},"categories":[2817],"tags":[1111,11,1997,33,73,1777,674,1011,27,12,2219,25,364,1662],"class_list":{"0":"post-251120","1":"post","2":"type-post","3":"status-publish","4":"format-standard","5":"has-post-thumbnail","7":"category-bordeaux","8":"tag-actu","9":"tag-actualites","10":"tag-bordeaux","11":"tag-economie","12":"tag-etats-unis","13":"tag-eu","14":"tag-europe","15":"tag-fr","16":"tag-france","17":"tag-news","18":"tag-nouvelle-aquitaine","19":"tag-republique-francaise","20":"tag-union-europeenne","21":"tag-vin"},"share_on_mastodon":{"url":"https:\/\/pubeurope.com\/@fr\/114862550276919467","error":""},"_links":{"self":[{"href":"https:\/\/www.europesays.com\/fr\/wp-json\/wp\/v2\/posts\/251120","targetHints":{"allow":["GET"]}}],"collection":[{"href":"https:\/\/www.europesays.com\/fr\/wp-json\/wp\/v2\/posts"}],"about":[{"href":"https:\/\/www.europesays.com\/fr\/wp-json\/wp\/v2\/types\/post"}],"author":[{"embeddable":true,"href":"https:\/\/www.europesays.com\/fr\/wp-json\/wp\/v2\/users\/2"}],"replies":[{"embeddable":true,"href":"https:\/\/www.europesays.com\/fr\/wp-json\/wp\/v2\/comments?post=251120"}],"version-history":[{"count":0,"href":"https:\/\/www.europesays.com\/fr\/wp-json\/wp\/v2\/posts\/251120\/revisions"}],"wp:featuredmedia":[{"embeddable":true,"href":"https:\/\/www.europesays.com\/fr\/wp-json\/wp\/v2\/media\/251121"}],"wp:attachment":[{"href":"https:\/\/www.europesays.com\/fr\/wp-json\/wp\/v2\/media?parent=251120"}],"wp:term":[{"taxonomy":"category","embeddable":true,"href":"https:\/\/www.europesays.com\/fr\/wp-json\/wp\/v2\/categories?post=251120"},{"taxonomy":"post_tag","embeddable":true,"href":"https:\/\/www.europesays.com\/fr\/wp-json\/wp\/v2\/tags?post=251120"}],"curies":[{"name":"wp","href":"https:\/\/api.w.org\/{rel}","templated":true}]}}