{"id":251126,"date":"2025-07-16T10:58:14","date_gmt":"2025-07-16T10:58:14","guid":{"rendered":"https:\/\/www.europesays.com\/fr\/251126\/"},"modified":"2025-07-16T10:58:14","modified_gmt":"2025-07-16T10:58:14","slug":"le-peloton-repart-autour-de-toulouse-apres-une-journee-de-repos","status":"publish","type":"post","link":"https:\/\/www.europesays.com\/fr\/251126\/","title":{"rendered":"le peloton repart autour de Toulouse apr\u00e8s une journ\u00e9e de repos"},"content":{"rendered":"<p>Ce direct est anim\u00e9 par les journalistes de la r\u00e9daction des sports de La Nouvelle R\u00e9publique.<\/p>\n<p>Avant course<\/p>\n<p><strong>12\u00a0h\u00a050.<\/strong> Bonjour \u00e0 toutes et \u00e0 tous et bienvenue sur ce direct pour suivre ensemble la 11e\u00a0\u00e9tape du Tour de France\u00a0! Et oui, c\u2019est ce mercredi 16\u00a0juillet 2025 qu\u2019on bascule (d\u00e9j\u00e0\u00a0!) dans la seconde moiti\u00e9 de la Grande Boucle.<\/p>\n<p>Apr\u00e8s une journ\u00e9e de repos, les 172 coureurs encore en lice reprennent par une \u00e9tape sans \u00e9norm\u00e9ment de relief (1.750\u00a0m de d\u00e9nivel\u00e9 positif seulement), qui part et arrive de Toulouse. Quatre c\u00f4tes de 4e\u00a0cat\u00e9gorie et une de 3e\u00a0cat\u00e9gorie sont quand m\u00eame r\u00e9pertori\u00e9es, mais si leurs \u00e9quipes contr\u00f4lent bien, les sprinteurs devraient r\u00e9ussir \u00e0 se disputer la gagne.<\/p>\n<p><img alt=\"Le paddock de d\u00e9part est install\u00e9 pr\u00e8s du Stadium de Toulouse.\" loading=\"lazy\" width=\"980\" height=\"573\" decoding=\"async\" data-nimg=\"1\" class=\"img-responsive spinner-show\" style=\"color:transparent;background-size:cover;background-position:50% 50%;background-repeat:no-repeat;background-image:url(&quot;data:image\/svg+xml;charset=utf-8,%3Csvg xmlns='http:\/\/www.w3.org\/2000\/svg' viewBox='0 0 980 573'%3E%3Cfilter id='b' color-interpolation-filters='sRGB'%3E%3CfeGaussianBlur stdDeviation='20'\/%3E%3CfeColorMatrix values='1 0 0 0 0 0 1 0 0 0 0 0 1 0 0 0 0 0 100 -1' result='s'\/%3E%3CfeFlood x='0' y='0' width='100%25' height='100%25'\/%3E%3CfeComposite operator='out' in='s'\/%3E%3CfeComposite in2='SourceGraphic'\/%3E%3CfeGaussianBlur stdDeviation='20'\/%3E%3C\/filter%3E%3Cimage width='100%25' height='100%25' x='0' y='0' preserveAspectRatio='none' style='filter: url(%23b);' href='https:\/\/images.lanouvellerepublique.fr\/image\/upload\/t_88w\/f_auto\/68778454016fe4a6268b461e.jpg'\/%3E%3C\/svg%3E&quot;)\"   src=\"https:\/\/www.europesays.com\/fr\/wp-content\/uploads\/2025\/07\/68778454016fe4a6268b461e.jpg\"\/><\/p>\n<p style=\"background-color:#F2F2F2;padding:5px;margin-top:0px;margin-bottom:10px\">Le paddock de d\u00e9part est install\u00e9 pr\u00e8s du Stadium de Toulouse.<br \/> \u00a9 (Photo NR, Anna\u00efck Mainguy)<\/p>\n","protected":false},"excerpt":{"rendered":"Ce direct est anim\u00e9 par les journalistes de la r\u00e9daction des sports de La Nouvelle R\u00e9publique. Avant course&hellip;\n","protected":false},"author":2,"featured_media":251127,"comment_status":"","ping_status":"","sticky":false,"template":"","format":"standard","meta":{"footnotes":""},"categories":[2816],"tags":[328,1111,11,207,1777,674,1011,27,329,74,12,2680,25,60,2312,210],"class_list":{"0":"post-251126","1":"post","2":"type-post","3":"status-publish","4":"format-standard","5":"has-post-thumbnail","7":"category-toulouse","8":"tag-a-la-une","9":"tag-actu","10":"tag-actualites","11":"tag-cyclisme","12":"tag-eu","13":"tag-europe","14":"tag-fr","15":"tag-france","16":"tag-france-monde","17":"tag-monde","18":"tag-news","19":"tag-occitanie","20":"tag-republique-francaise","21":"tag-sports","22":"tag-toulouse","23":"tag-tour-de-france"},"share_on_mastodon":{"url":"https:\/\/pubeurope.com\/@fr\/114862562317191514","error":""},"_links":{"self":[{"href":"https:\/\/www.europesays.com\/fr\/wp-json\/wp\/v2\/posts\/251126","targetHints":{"allow":["GET"]}}],"collection":[{"href":"https:\/\/www.europesays.com\/fr\/wp-json\/wp\/v2\/posts"}],"about":[{"href":"https:\/\/www.europesays.com\/fr\/wp-json\/wp\/v2\/types\/post"}],"author":[{"embeddable":true,"href":"https:\/\/www.europesays.com\/fr\/wp-json\/wp\/v2\/users\/2"}],"replies":[{"embeddable":true,"href":"https:\/\/www.europesays.com\/fr\/wp-json\/wp\/v2\/comments?post=251126"}],"version-history":[{"count":0,"href":"https:\/\/www.europesays.com\/fr\/wp-json\/wp\/v2\/posts\/251126\/revisions"}],"wp:featuredmedia":[{"embeddable":true,"href":"https:\/\/www.europesays.com\/fr\/wp-json\/wp\/v2\/media\/251127"}],"wp:attachment":[{"href":"https:\/\/www.europesays.com\/fr\/wp-json\/wp\/v2\/media?parent=251126"}],"wp:term":[{"taxonomy":"category","embeddable":true,"href":"https:\/\/www.europesays.com\/fr\/wp-json\/wp\/v2\/categories?post=251126"},{"taxonomy":"post_tag","embeddable":true,"href":"https:\/\/www.europesays.com\/fr\/wp-json\/wp\/v2\/tags?post=251126"}],"curies":[{"name":"wp","href":"https:\/\/api.w.org\/{rel}","templated":true}]}}