{"id":251136,"date":"2025-07-16T11:03:12","date_gmt":"2025-07-16T11:03:12","guid":{"rendered":"https:\/\/www.europesays.com\/fr\/251136\/"},"modified":"2025-07-16T11:03:12","modified_gmt":"2025-07-16T11:03:12","slug":"un-festival-magique-dedie-a-la-sorcellerie-sinstalle-a-1h-de-lyon-pour-la-fin-juillet","status":"publish","type":"post","link":"https:\/\/www.europesays.com\/fr\/251136\/","title":{"rendered":"Un festival magique d\u00e9di\u00e9 \u00e0 la sorcellerie s&rsquo;installe \u00e0 1h de Lyon pour la fin juillet !"},"content":{"rendered":"<p>Vous \u00eates frustr\u00e9s de ne pas avoir re\u00e7u votre lettre pour faire <strong>votre rentr\u00e9e \u00e0 Poudlard<\/strong>, vous ne jugez que par <strong>l&rsquo;automne <\/strong>et par la c\u00e9l\u00e9bration d&rsquo;<strong>Halloween <\/strong>et vous avez une petite pr\u00e9f\u00e9rence pour<strong> les chats noirs<\/strong> ? Alors ne cherchez plus : Radio Espace sait exactement ce que vous devez faire <strong>les 26 et 27 juillet prochains<\/strong> ! En effet, sur ce week-end, la petite commune de <strong>P\u00e9lussin<\/strong>, situ\u00e9e dans la Loire, se transforme <strong>en v\u00e9ritable terrain de jeu pour les amoureux de l&rsquo;\u00e9trange et du merveilleux<\/strong> en accueillant un festival au nom \u00e9quivoque : <strong>l&rsquo;Estrange Festiva<\/strong>l.\u00a0<\/p>\n<p>Un \u00e9v\u00e9nement ludique et original, o\u00f9 chaudrons, musique \u00e9lectro, et sorcellerie se rencontrent dans <strong>un joyeux tourbillon paillet\u00e9 tr\u00e8s queer-friendly<\/strong>. Ici, les valeurs d&rsquo;inclusion, de bienveillance et de tol\u00e9rance sont prises tr\u00e8s au s\u00e9rieux. Pas question d&rsquo;\u00eatre <strong>un moldu ferm\u00e9 d&rsquo;esprit<\/strong>, ou <strong>une sorci\u00e8re qui juge toutes les trente secondes<\/strong> : tout le monde est le bienvenue \u00e0 l&rsquo;Estrange Festival.\u00a0<\/p>\n<p data-start=\"929\" data-end=\"1640\">\u00c0 l\u2019origine de ce rassemblement aussi magique que convivial ? <strong>Lisa Boucher<\/strong>, qui revendique haut et fort<strong> la cr\u00e9ation d&rsquo;un festival f\u00e9ministe<\/strong>, qui revalorise la figure embl\u00e9matique de la sorci\u00e8re, souvent d\u00e9cri\u00e9e \u00e0 travers l&rsquo;histoire. Car oui, derri\u00e8re son image sulfureuse,<strong> la sorci\u00e8re c&rsquo;est surtout un symbole de luttes<\/strong>, celles de femmes chass\u00e9es, tu\u00e9es et oppress\u00e9es simplement parce qu&rsquo;elle \u00e9taient des femmes. L&rsquo;occasion d&rsquo;en apprendre plus sur cette figure embl\u00e9matique lors de conf\u00e9rences. Il y aura aussi des concerts d\u00e8s le samedi soir, avec le duo<strong> Lun\u00e9ros<\/strong> qui vous envo\u00fbteront avec leur \u00e9lectro planante, mais aussi<strong> Pouvoir Magique<\/strong>.\u00a0<\/p>\n<p data-start=\"929\" data-end=\"1640\">Et \u00e7a, c&rsquo;est sans oublier les ateliers magiques, le march\u00e9 de cr\u00e9ateurs et les rencontres avec les apprentis sorciers et sorci\u00e8res ! Alors, pr\u00eats \u00e0 r\u00e9viser vos meilleurs sorts ?\u00a0<\/p>\n<p data-start=\"1642\" data-end=\"2006\" data-is-last-node=\"\" data-is-only-node=\"\"><strong>Quartier m\u00e9di\u00e9val de Virieu &#8211; P\u00e9lussin<\/strong><br \/><strong>Samedi 26 juillet de 18h \u00e0 23h et dimanche 27 juillet de 10h \u00e0 18h<\/strong><br \/><strong>Tarif libre de 5\u20ac \u00e0 15\u20ac et gratuit pour -7 ans<\/strong><\/p>\n<blockquote class=\"instagram-media\" style=\"background: #FFF; border: 0; border-radius: 3px; box-shadow: 0 0 1px 0 rgba(0,0,0,0.5),0 1px 10px 0 rgba(0,0,0,0.15); margin: 1px; max-width: 540px; min-width: 326px; padding: 0; width: calc(100% - 2px);\" data-instgrm-captioned=\"\" data-instgrm-permalink=\"https:\/\/www.instagram.com\/reel\/DK2MkPXNQKc\/?utm_source=ig_embed&amp;utm_campaign=loading\" data-instgrm-version=\"14\"><p>&#13;<br \/>\n&#13;\n<\/p><\/blockquote>\n<p>\t\t\t\t\t\t\t\t\t\t\t\t\t\t\t\t\t\t\t<script async src=\"\/\/www.instagram.com\/embed.js\"><\/script><\/p>\n","protected":false},"excerpt":{"rendered":"Vous \u00eates frustr\u00e9s de ne pas avoir re\u00e7u votre lettre pour faire votre rentr\u00e9e \u00e0 Poudlard, vous ne&hellip;\n","protected":false},"author":2,"featured_media":251137,"comment_status":"","ping_status":"","sticky":false,"template":"","format":"standard","meta":{"footnotes":""},"categories":[1889],"tags":[1111,11,2430,650,7734,2889,2263,386,1777,674,1011,27,6417,1114,4662,2428,12,3725,1825,10688,25,2429],"class_list":{"0":"post-251136","1":"post","2":"type-post","3":"status-publish","4":"format-standard","5":"has-post-thumbnail","7":"category-lyon","8":"tag-actu","9":"tag-actualites","10":"tag-auvergne-rhone-alpes","11":"tag-cinema","12":"tag-ecoute","13":"tag-emission","14":"tag-equipe","15":"tag-espace","16":"tag-eu","17":"tag-europe","18":"tag-fr","19":"tag-france","20":"tag-information","21":"tag-infos","22":"tag-journal","23":"tag-lyon","24":"tag-news","25":"tag-podcast","26":"tag-radio","27":"tag-radioespace","28":"tag-republique-francaise","29":"tag-rhone"},"share_on_mastodon":{"url":"https:\/\/pubeurope.com\/@fr\/114862581615193959","error":""},"_links":{"self":[{"href":"https:\/\/www.europesays.com\/fr\/wp-json\/wp\/v2\/posts\/251136","targetHints":{"allow":["GET"]}}],"collection":[{"href":"https:\/\/www.europesays.com\/fr\/wp-json\/wp\/v2\/posts"}],"about":[{"href":"https:\/\/www.europesays.com\/fr\/wp-json\/wp\/v2\/types\/post"}],"author":[{"embeddable":true,"href":"https:\/\/www.europesays.com\/fr\/wp-json\/wp\/v2\/users\/2"}],"replies":[{"embeddable":true,"href":"https:\/\/www.europesays.com\/fr\/wp-json\/wp\/v2\/comments?post=251136"}],"version-history":[{"count":0,"href":"https:\/\/www.europesays.com\/fr\/wp-json\/wp\/v2\/posts\/251136\/revisions"}],"wp:featuredmedia":[{"embeddable":true,"href":"https:\/\/www.europesays.com\/fr\/wp-json\/wp\/v2\/media\/251137"}],"wp:attachment":[{"href":"https:\/\/www.europesays.com\/fr\/wp-json\/wp\/v2\/media?parent=251136"}],"wp:term":[{"taxonomy":"category","embeddable":true,"href":"https:\/\/www.europesays.com\/fr\/wp-json\/wp\/v2\/categories?post=251136"},{"taxonomy":"post_tag","embeddable":true,"href":"https:\/\/www.europesays.com\/fr\/wp-json\/wp\/v2\/tags?post=251136"}],"curies":[{"name":"wp","href":"https:\/\/api.w.org\/{rel}","templated":true}]}}