{"id":251138,"date":"2025-07-16T11:04:11","date_gmt":"2025-07-16T11:04:11","guid":{"rendered":"https:\/\/www.europesays.com\/fr\/251138\/"},"modified":"2025-07-16T11:04:11","modified_gmt":"2025-07-16T11:04:11","slug":"lyon-levade-de-la-prison-de-corbas-et-son-complice-presentes-a-un-juge-dinstruction","status":"publish","type":"post","link":"https:\/\/www.europesays.com\/fr\/251138\/","title":{"rendered":"Lyon. L\u2019\u00e9vad\u00e9 de la prison de Corbas et son complice pr\u00e9sent\u00e9s \u00e0 un juge d\u2019instruction"},"content":{"rendered":"<p>Au terme de leur garde \u00e0 vue, Elyazid Ahamada et le compagnon de cellule qui lui a permis de s\u2019\u00e9vader vendredi 11\u00a0juillet de l\u2019\u00e9tablissement p\u00e9nitentiaire de Corbas doivent \u00eatre pr\u00e9sent\u00e9s ce mercredi \u00e0 un juge d\u2019instruction.<\/p>\n<p>Le parquet de Lyon a indiqu\u00e9 ce mercredi matin qu\u2019il allait requ\u00e9rir leur placement en d\u00e9tention provisoire et les investigations se poursuivront dans le cadre d\u2019une information judiciaire ouverte des chefs d\u2019\u00e9vasion en bande organis\u00e9e et de participation \u00e0 une association de malfaiteurs.<\/p>\n<p>  Evasion\u00a0rocambolesque<\/p>\n<p>Profitant de la lib\u00e9ration en fin de peine de son cod\u00e9tenu, Elyazid Ahamada s\u2019est dissimul\u00e9 vendredi matin dans un sac \u00e0 linge, et les deux hommes ont pu quitter sans encombre l\u2019enceinte de la prison. Mais apr\u00e8s cette \u00e9vasion rocambolesque, <a href=\"https:\/\/www.leprogres.fr\/faits-divers-justice\/2025\/07\/15\/un-second-couteau-le-complice-de-l-evade-de-la-prison-de-corbas-avait-ete-condamne-pour-detention-de-stupefiants-et-fausse-identite?login=1\" target=\"_blank\" rel=\"noopener\">leur cavale a \u00e9t\u00e9 de courte dur\u00e9e<\/a>. Elyazid Ahamada a \u00e9t\u00e9 arr\u00eat\u00e9 t\u00f4t lundi matin \u00e0 Sathonay-Camp et son complice pr\u00e9sum\u00e9 a \u00e9t\u00e9 interpell\u00e9 lundi soir \u00e0 Marseille.<\/p>\n<p>Elyazid Ahamada \u00e9tait en d\u00e9tention provisoire depuis le 20\u00a0juin dans le cadre de l\u2019enqu\u00eate sur le meurtre d\u2019un trafiquant de stup\u00e9fiants, abattu le 15\u00a0janvier dans la r\u00e9gion parisienne. Son compagnon de cellule venait de purger une peine de dix mois d\u2019emprisonnement pour d\u00e9tention non autoris\u00e9e de stup\u00e9fiants et fourniture d\u2019identit\u00e9 imaginaire.<\/p>\n","protected":false},"excerpt":{"rendered":"Au terme de leur garde \u00e0 vue, Elyazid Ahamada et le compagnon de cellule qui lui a permis&hellip;\n","protected":false},"author":2,"featured_media":251139,"comment_status":"","ping_status":"","sticky":false,"template":"","format":"standard","meta":{"footnotes":""},"categories":[1889],"tags":[1111,11,2430,24503,271,272,3152,2757,3153,1777,674,274,107,1011,27,2428,2756,12,25,2429,38912],"class_list":{"0":"post-251138","1":"post","2":"type-post","3":"status-publish","4":"format-standard","5":"has-post-thumbnail","7":"category-lyon","8":"tag-actu","9":"tag-actualites","10":"tag-auvergne-rhone-alpes","11":"tag-corbas","12":"tag-crime","13":"tag-delit-et-contravention","14":"tag-edition-est-lyonnais","15":"tag-edition-lyon-villeurbanne","16":"tag-edition-ouest-lyonnais","17":"tag-eu","18":"tag-europe","19":"tag-faits-divers-justice","20":"tag-fil-info","21":"tag-fr","22":"tag-france","23":"tag-lyon","24":"tag-lyon-bassin","25":"tag-news","26":"tag-republique-francaise","27":"tag-rhone","28":"tag-sathonay-camp"},"share_on_mastodon":{"url":"https:\/\/pubeurope.com\/@fr\/114862585499971321","error":""},"_links":{"self":[{"href":"https:\/\/www.europesays.com\/fr\/wp-json\/wp\/v2\/posts\/251138","targetHints":{"allow":["GET"]}}],"collection":[{"href":"https:\/\/www.europesays.com\/fr\/wp-json\/wp\/v2\/posts"}],"about":[{"href":"https:\/\/www.europesays.com\/fr\/wp-json\/wp\/v2\/types\/post"}],"author":[{"embeddable":true,"href":"https:\/\/www.europesays.com\/fr\/wp-json\/wp\/v2\/users\/2"}],"replies":[{"embeddable":true,"href":"https:\/\/www.europesays.com\/fr\/wp-json\/wp\/v2\/comments?post=251138"}],"version-history":[{"count":0,"href":"https:\/\/www.europesays.com\/fr\/wp-json\/wp\/v2\/posts\/251138\/revisions"}],"wp:featuredmedia":[{"embeddable":true,"href":"https:\/\/www.europesays.com\/fr\/wp-json\/wp\/v2\/media\/251139"}],"wp:attachment":[{"href":"https:\/\/www.europesays.com\/fr\/wp-json\/wp\/v2\/media?parent=251138"}],"wp:term":[{"taxonomy":"category","embeddable":true,"href":"https:\/\/www.europesays.com\/fr\/wp-json\/wp\/v2\/categories?post=251138"},{"taxonomy":"post_tag","embeddable":true,"href":"https:\/\/www.europesays.com\/fr\/wp-json\/wp\/v2\/tags?post=251138"}],"curies":[{"name":"wp","href":"https:\/\/api.w.org\/{rel}","templated":true}]}}