{"id":251148,"date":"2025-07-16T11:14:10","date_gmt":"2025-07-16T11:14:10","guid":{"rendered":"https:\/\/www.europesays.com\/fr\/251148\/"},"modified":"2025-07-16T11:14:10","modified_gmt":"2025-07-16T11:14:10","slug":"des-orages-et-des-temperatures-en-chute-libre-prevus-ce-week-end-a-paris","status":"publish","type":"post","link":"https:\/\/www.europesays.com\/fr\/251148\/","title":{"rendered":"des orages et des temp\u00e9ratures en chute libre pr\u00e9vus ce week-end \u00e0 Paris"},"content":{"rendered":"<p>            Par<br \/>\n        <strong><br \/>\n            <a href=\"https:\/\/actu.fr\/auteur\/redaction-paris\" title=\"Consulter tous les articles de R\u00e9daction Paris\" rel=\"nofollow noopener\" target=\"_blank\">R\u00e9daction Paris<\/a><br \/>\n        <\/strong><\/p>\n<p>        Publi\u00e9 le<\/p>\n<p>            16 juil. 2025 \u00e0 12h14        <\/p>\n<p>Apr\u00e8s les nuages, les nuages. <a href=\"https:\/\/actu.fr\/ile-de-france\/paris_75056\/meteo-apres-le-soleil-le-vent-et-la-pluie-font-leur-retour-a-paris-et-en-ile-de-france_62911123.html\" rel=\"nofollow noopener\" target=\"_blank\">La m\u00e9t\u00e9o parisienne ne devrait pas s\u2019am\u00e9liorer<\/a> pour le week-end du 19 et 20\u00a0juillet 2025. Dans le ciel de Paris, pas d\u2019\u00e9claircie au programme. <a href=\"https:\/\/actu.fr\/meteo\/ca-s-annonce-violent-une-grosse-salve-d-orages-va-frapper-la-france-des-la-fin-de-semaine_62912475.html\" rel=\"nofollow noopener\" target=\"_blank\">Les orages et la pluie devraient plut\u00f4t se d\u00e9cha\u00eener<\/a>, comme l\u2019indique le bulletin pr\u00e9visionnel de <a href=\"https:\/\/meteofrance.com\/previsions-meteo-france\/ile-de-france\/3\" rel=\"nofollow noopener\" target=\"_blank\">M\u00e9t\u00e9o France.<\/a><\/p>\n<p>Un twaleg d\u2019altitude qui chamboule tout<\/p>\n<p class=\" wall-content\">La journ\u00e9e de vendredi 18\u00a0juillet sera ensoleill\u00e9e mais la soir\u00e9e sera marqu\u00e9e par les \u00e9clairs faisant chuter les temp\u00e9ratures du week-end. Samedi matin, Paris et l\u2019\u00cele-de-France seront sous les gouttes. La pluie bloquera <strong>les temp\u00e9ratures \u00e0 23 degr\u00e9s maximum<\/strong> en milieu d\u2019apr\u00e8s-midi.<\/p>\n<p class=\" wall-content\">Si la nuit devrait \u00eatre s\u00e8che, le mauvais temps devrait reprendre d\u00e8s dimanche matin. 24 degr\u00e9s sont attendus mais aucun rayon de soleil ne devrait se pr\u00e9senter.<\/p>\n<p class=\" wall-content\">La semaine est assez stable avec des conditions anticycloniques offrant un soleil g\u00e9n\u00e9reux \u00e0 Paris. <strong>Un twaleg d\u2019altitude<\/strong> venu de l\u2019ouest est \u00e0 l\u2019origine de cette d\u00e9gradation pr\u00e9vue ce week-end viendra perturber les masses d\u2019air en place. Pour rappel, un twaleg d\u2019altitude une zone en hauteur o\u00f9 l\u2019air est plus froid et moins stable que dans les r\u00e9gions voisines<\/p>\n<p class=\" wall-content\">Suivez toute l\u2019actualit\u00e9 de vos villes et m\u00e9dias favoris en vous inscrivant \u00e0 <a href=\"https:\/\/moncompte.actu.fr\" title=\"D\u00e9couvez Mon Actu\" rel=\"nofollow noopener\" data-trk=\"{&quot;cta&quot;:{&quot;action&quot;:&quot;https:\\\/\\\/moncompte.actu.fr&quot;,&quot;category&quot;:&quot;mon compte&quot;,&quot;from&quot;:&quot;article footer&quot;,&quot;name&quot;:&quot;Mon actu&quot;,&quot;type&quot;:&quot;cta&quot;}}\" target=\"_blank\">Mon Actu<\/a>.<\/p>\n","protected":false},"excerpt":{"rendered":"Par R\u00e9daction Paris Publi\u00e9 le 16 juil. 2025 \u00e0 12h14 Apr\u00e8s les nuages, les nuages. La m\u00e9t\u00e9o parisienne&hellip;\n","protected":false},"author":2,"featured_media":251149,"comment_status":"","ping_status":"","sticky":false,"template":"","format":"standard","meta":{"footnotes":""},"categories":[1888],"tags":[11,1777,674,1011,27,2357,12,4594,626,25,104],"class_list":{"0":"post-251148","1":"post","2":"type-post","3":"status-publish","4":"format-standard","5":"has-post-thumbnail","7":"category-paris","8":"tag-actualites","9":"tag-eu","10":"tag-europe","11":"tag-fr","12":"tag-france","13":"tag-meteo-france","14":"tag-news","15":"tag-orages","16":"tag-paris","17":"tag-republique-francaise","18":"tag-societe"},"share_on_mastodon":{"url":"https:\/\/pubeurope.com\/@fr\/114862624778212690","error":""},"_links":{"self":[{"href":"https:\/\/www.europesays.com\/fr\/wp-json\/wp\/v2\/posts\/251148","targetHints":{"allow":["GET"]}}],"collection":[{"href":"https:\/\/www.europesays.com\/fr\/wp-json\/wp\/v2\/posts"}],"about":[{"href":"https:\/\/www.europesays.com\/fr\/wp-json\/wp\/v2\/types\/post"}],"author":[{"embeddable":true,"href":"https:\/\/www.europesays.com\/fr\/wp-json\/wp\/v2\/users\/2"}],"replies":[{"embeddable":true,"href":"https:\/\/www.europesays.com\/fr\/wp-json\/wp\/v2\/comments?post=251148"}],"version-history":[{"count":0,"href":"https:\/\/www.europesays.com\/fr\/wp-json\/wp\/v2\/posts\/251148\/revisions"}],"wp:featuredmedia":[{"embeddable":true,"href":"https:\/\/www.europesays.com\/fr\/wp-json\/wp\/v2\/media\/251149"}],"wp:attachment":[{"href":"https:\/\/www.europesays.com\/fr\/wp-json\/wp\/v2\/media?parent=251148"}],"wp:term":[{"taxonomy":"category","embeddable":true,"href":"https:\/\/www.europesays.com\/fr\/wp-json\/wp\/v2\/categories?post=251148"},{"taxonomy":"post_tag","embeddable":true,"href":"https:\/\/www.europesays.com\/fr\/wp-json\/wp\/v2\/tags?post=251148"}],"curies":[{"name":"wp","href":"https:\/\/api.w.org\/{rel}","templated":true}]}}