{"id":251154,"date":"2025-07-16T11:17:15","date_gmt":"2025-07-16T11:17:15","guid":{"rendered":"https:\/\/www.europesays.com\/fr\/251154\/"},"modified":"2025-07-16T11:17:15","modified_gmt":"2025-07-16T11:17:15","slug":"a-la-frontiere-entre-la-russie-et-la-georgie-des-anciens-detenus-ukrainiens-abandonnes-liberation","status":"publish","type":"post","link":"https:\/\/www.europesays.com\/fr\/251154\/","title":{"rendered":"\u00e0 la fronti\u00e8re entre la Russie et la G\u00e9orgie, des anciens d\u00e9tenus ukrainiens abandonn\u00e9s \u2013 Lib\u00e9ration"},"content":{"rendered":"<p class=\"sc-ksZaOG ehjQrN text-element\">Aux abords de l\u2019a\u00e9roport de Chisinau, des passagers fatigu\u00e9s se regroupent devant une file de bus blancs. Andriy Kolomiyets vient d\u2019atterrir depuis Tbilissi et s\u2019appr\u00eate \u00e0 rejoindre l\u2019Ukraine par la route. \u00abC\u2019est mon premier jour de libert\u00e9\u00bb, confie le jeune homme, qui peine pourtant \u00e0 se r\u00e9jouir. Cet Ukrainien de 32 ans a \u00e9t\u00e9 arr\u00eat\u00e9 en Russie en 2016 apr\u00e8s avoir particip\u00e9 <a href=\"https:\/\/www.liberation.fr\/planete\/2014\/01\/26\/a-maidan-on-entend-aussi-bien-parler-l-ukrainien-que-le-russe_975674\/?redirected=1\" target=\"_blank\" rel=\"noopener\" title=\"https:\/\/www.liberation.fr\/planete\/2014\/01\/26\/a-maidan-on-entend-aussi-bien-parler-l-ukrainien-que-le-russe_975674\/?redirected=1\">\u00e0 la r\u00e9volution de Ma\u00efdan<\/a>. A l\u2019issue de sa peine purg\u00e9e dans la prison de Krasnodar, il a \u00e9t\u00e9 plac\u00e9 dans un centre de r\u00e9tention provisoire puis d\u00e9port\u00e9 \u00e0 la fronti\u00e8re russo-g\u00e9orgienne, o\u00f9 il est rest\u00e9 bloqu\u00e9 plusieurs jours avant d\u2019\u00eatre conduit \u00e0 l\u2019a\u00e9roport.<\/p>\n<p class=\"sc-ksZaOG ehjQrN text-element\">Sur son t\u00e9l\u00e9phone, Andriy fait d\u00e9filer des vid\u00e9os enregistr\u00e9es dans le sous-sol du poste-fronti\u00e8re de Verkhni Lars. Les images montrent des dizaines d\u2019hommes, la plupart des anciens prisonniers ukrainiens, maintenus dans une cave encombr\u00e9e et sans fen\u00eatres, aux murs inachev\u00e9s. Ce lieu de d\u00e9tention informel, g\u00e9r\u00e9 par la police des fronti\u00e8res g\u00e9orgienne, \u00e9chappe \u00e0 tout contr\u00f4le juridique. \u00abC\u2019est humide, il n\u2019y a aucune ventilation. Pas d\u2019endroit ad\u00e9quat pour se laver. Durant les dix ans que j\u2019ai pass\u00e9s en Russie, je n\u2019ai jamais v\u00e9cu dans de telles co<\/p>\n","protected":false},"excerpt":{"rendered":"Aux abords de l\u2019a\u00e9roport de Chisinau, des passagers fatigu\u00e9s se regroupent devant une file de bus blancs. Andriy&hellip;\n","protected":false},"author":2,"featured_media":251155,"comment_status":"","ping_status":"","sticky":false,"template":"","format":"standard","meta":{"footnotes":""},"categories":[1590],"tags":[11,1777,674,12337,11095,12,220,297],"class_list":{"0":"post-251154","1":"post","2":"type-post","3":"status-publish","4":"format-standard","5":"has-post-thumbnail","7":"category-ukraine","8":"tag-actualites","9":"tag-eu","10":"tag-europe","11":"tag-georgie","12":"tag-moldavie","13":"tag-news","14":"tag-ukraine","15":"tag-ukraine-la-crise"},"share_on_mastodon":{"url":"https:\/\/pubeurope.com\/@fr\/114862636653015667","error":""},"_links":{"self":[{"href":"https:\/\/www.europesays.com\/fr\/wp-json\/wp\/v2\/posts\/251154","targetHints":{"allow":["GET"]}}],"collection":[{"href":"https:\/\/www.europesays.com\/fr\/wp-json\/wp\/v2\/posts"}],"about":[{"href":"https:\/\/www.europesays.com\/fr\/wp-json\/wp\/v2\/types\/post"}],"author":[{"embeddable":true,"href":"https:\/\/www.europesays.com\/fr\/wp-json\/wp\/v2\/users\/2"}],"replies":[{"embeddable":true,"href":"https:\/\/www.europesays.com\/fr\/wp-json\/wp\/v2\/comments?post=251154"}],"version-history":[{"count":0,"href":"https:\/\/www.europesays.com\/fr\/wp-json\/wp\/v2\/posts\/251154\/revisions"}],"wp:featuredmedia":[{"embeddable":true,"href":"https:\/\/www.europesays.com\/fr\/wp-json\/wp\/v2\/media\/251155"}],"wp:attachment":[{"href":"https:\/\/www.europesays.com\/fr\/wp-json\/wp\/v2\/media?parent=251154"}],"wp:term":[{"taxonomy":"category","embeddable":true,"href":"https:\/\/www.europesays.com\/fr\/wp-json\/wp\/v2\/categories?post=251154"},{"taxonomy":"post_tag","embeddable":true,"href":"https:\/\/www.europesays.com\/fr\/wp-json\/wp\/v2\/tags?post=251154"}],"curies":[{"name":"wp","href":"https:\/\/api.w.org\/{rel}","templated":true}]}}