{"id":251158,"date":"2025-07-16T11:19:09","date_gmt":"2025-07-16T11:19:09","guid":{"rendered":"https:\/\/www.europesays.com\/fr\/251158\/"},"modified":"2025-07-16T11:19:09","modified_gmt":"2025-07-16T11:19:09","slug":"le-royaume-uni-autorise-a-nouveau-les-compagnies-pakistanaises-dans-son-espace-aerien","status":"publish","type":"post","link":"https:\/\/www.europesays.com\/fr\/251158\/","title":{"rendered":"Le Royaume-Uni autorise \u00e0 nouveau les compagnies pakistanaises dans son espace a\u00e9rien"},"content":{"rendered":"<p>\t\t\tLe Royaume-Uni a lev\u00e9 l\u2019interdiction de vol impos\u00e9e aux compagnies a\u00e9riennes pakistanaises depuis plus de cinq ans pour des raisons de s\u00e9curit\u00e9, a annonc\u00e9 mercredi son ambassade \u00e0 Islamabad.<\/p>\n<p style=\"text-align: justify;\">\u00ab\u00a0Apr\u00e8s un processus de v\u00e9rification technique ind\u00e9pendant\u00a0\u00bb, le comit\u00e9 britannique de la s\u00e9curit\u00e9 a\u00e9rienne a d\u00e9cid\u00e9 de \u00ab\u00a0retirer le Pakistan et ses compagnies a\u00e9riennes de la liste\u00a0\u00bb des transporteurs interdits de vol dans son espace a\u00e9rien, a indiqu\u00e9 l\u2019ambassade du Royaume-Uni au Pakistan dans un communiqu\u00e9.<\/p>\n<p style=\"text-align: justify;\">\u00ab\u00a0Les transporteurs devront n\u00e9anmoins toujours demander individuellement une autorisation d\u2019exploitation vers le Royaume-Uni aupr\u00e8s de l\u2019autorit\u00e9 britannique de l\u2019aviation civile\u00a0\u00bb, a pr\u00e9cis\u00e9 la m\u00eame source.<\/p>\n<p style=\"text-align: justify;\"><strong>Lire aussi :\u00a0<a style=\"color: #008000;\" href=\"https:\/\/maroc-diplomatique.net\/vols-internationaux-le-gabon-pays-africain-le-plus-taxe-en-2024-selon-lafraa\/\" target=\"_blank\" rel=\"noopener\">Vols internationaux : le Gabon, pays africain le plus tax\u00e9 en 2024 selon l\u2019AFRAA<\/a><\/strong><\/p>\n<p style=\"text-align: justify;\">L\u2019acc\u00e8s des transporteurs pakistanais aux espaces a\u00e9riens britannique, europ\u00e9en et am\u00e9ricain avait \u00e9t\u00e9 suspendu en mai 2020, suite au crash d\u2019un Airbus A320 de la Pakistan International Airlines (PIA) \u00e0 Karachi, qui avait fait 97 morts.<\/p>\n<p style=\"text-align: justify;\">L\u2019enqu\u00eate avait conclu \u00e0 la n\u00e9gligence des pilotes et des contr\u00f4leurs a\u00e9riens pendant les man\u0153uvres d\u2019atterrissage. Il avait ensuite \u00e9t\u00e9 d\u00e9couvert que plusieurs dizaines de pilotes pakistanais poss\u00e9daient de fausses licences.<\/p>\n<p style=\"text-align: justify;\">Fin novembre dernier, l\u2019Agence europ\u00e9enne de la s\u00e9curit\u00e9 a\u00e9rienne (AESA) avait annonc\u00e9 la lev\u00e9e de l\u2019interdiction, assurant avoir \u00ab\u00a0retrouv\u00e9 une confiance suffisante dans les capacit\u00e9s de contr\u00f4le\u00a0\u00bb de l\u2019autorit\u00e9 de l\u2019aviation civile pakistanaise (PCAA).<\/p>\n<p style=\"text-align: justify;\">La compagnie a repris, depuis le 10 janvier, des vols directs vers Paris, seule destination europ\u00e9enne desservie \u00e0 ce jour.<\/p>\n<p style=\"text-align: justify;\">Avec MAP<\/p>\n","protected":false},"excerpt":{"rendered":"Le Royaume-Uni a lev\u00e9 l\u2019interdiction de vol impos\u00e9e aux compagnies a\u00e9riennes pakistanaises depuis plus de cinq ans pour&hellip;\n","protected":false},"author":2,"featured_media":251159,"comment_status":"","ping_status":"","sticky":false,"template":"","format":"standard","meta":{"footnotes":""},"categories":[1588],"tags":[11,39122,25203,39123,1777,674,12,14488,16661,473,1853,1851,1850,1852,1175],"class_list":{"0":"post-251158","1":"post","2":"type-post","3":"status-publish","4":"format-standard","5":"has-post-thumbnail","7":"category-royaume-uni","8":"tag-actualites","9":"tag-aesa","10":"tag-compagnies","11":"tag-espace-aerien","12":"tag-eu","13":"tag-europe","14":"tag-news","15":"tag-pakistan","16":"tag-pia","17":"tag-royaume-uni","18":"tag-royaume-uni-de-grande-bretagne-et-dirlande-du-nord","19":"tag-uk","20":"tag-united-kingdom","21":"tag-united-kingdom-of-great-britain-and-northern-ireland","22":"tag-vol"},"share_on_mastodon":{"url":"https:\/\/pubeurope.com\/@fr\/114862644458934883","error":""},"_links":{"self":[{"href":"https:\/\/www.europesays.com\/fr\/wp-json\/wp\/v2\/posts\/251158","targetHints":{"allow":["GET"]}}],"collection":[{"href":"https:\/\/www.europesays.com\/fr\/wp-json\/wp\/v2\/posts"}],"about":[{"href":"https:\/\/www.europesays.com\/fr\/wp-json\/wp\/v2\/types\/post"}],"author":[{"embeddable":true,"href":"https:\/\/www.europesays.com\/fr\/wp-json\/wp\/v2\/users\/2"}],"replies":[{"embeddable":true,"href":"https:\/\/www.europesays.com\/fr\/wp-json\/wp\/v2\/comments?post=251158"}],"version-history":[{"count":0,"href":"https:\/\/www.europesays.com\/fr\/wp-json\/wp\/v2\/posts\/251158\/revisions"}],"wp:featuredmedia":[{"embeddable":true,"href":"https:\/\/www.europesays.com\/fr\/wp-json\/wp\/v2\/media\/251159"}],"wp:attachment":[{"href":"https:\/\/www.europesays.com\/fr\/wp-json\/wp\/v2\/media?parent=251158"}],"wp:term":[{"taxonomy":"category","embeddable":true,"href":"https:\/\/www.europesays.com\/fr\/wp-json\/wp\/v2\/categories?post=251158"},{"taxonomy":"post_tag","embeddable":true,"href":"https:\/\/www.europesays.com\/fr\/wp-json\/wp\/v2\/tags?post=251158"}],"curies":[{"name":"wp","href":"https:\/\/api.w.org\/{rel}","templated":true}]}}