{"id":25116,"date":"2025-04-14T20:21:16","date_gmt":"2025-04-14T20:21:16","guid":{"rendered":"https:\/\/www.europesays.com\/fr\/25116\/"},"modified":"2025-04-14T20:21:16","modified_gmt":"2025-04-14T20:21:16","slug":"les-meilleurs-restaurants-et-bars-a-tapas-de-marseille-notre-selection-complete","status":"publish","type":"post","link":"https:\/\/www.europesays.com\/fr\/25116\/","title":{"rendered":"Les meilleurs restaurants et bars \u00e0 tapas de Marseille : notre s\u00e9lection compl\u00e8te"},"content":{"rendered":"<p>Ahhh, les tapas ! Ces petites bouch\u00e9es qui font vibrer mes papilles quand je d\u00e9ambule dans les rues marseillaises \u00e0 la recherche d\u2019une pause gourmande. Que tu sois amateur de cuisine espagnole authentique ou plut\u00f4t tent\u00e9 par des versions revisit\u00e9es \u00e0 la sauce proven\u00e7ale, Marseille regorge d\u2019adresses o\u00f9 d\u00e9guster ces d\u00e9lices \u00e0 partager. Je t\u2019emm\u00e8ne d\u00e9couvrir ma s\u00e9lection des meilleurs spots pour savourer des tapas dans la cit\u00e9 phoc\u00e9enne, quartier par quartier. Des ambiances vari\u00e9es, des saveurs m\u00e9diterran\u00e9ennes et des lieux qui feront chavirer ton c\u0153ur \u2013 presque autant qu\u2019un but de derni\u00e8re minute au V\u00e9lodrome !<\/p>\n<p>D\u00e9couvrez notre s\u00e9lection des meilleurs bars \u00e0 tapas marseillais par quartier<br \/>\nLa Plaine et Cours Julien<\/p>\n<p>Au c\u0153ur battant de la vie nocturne marseillaise, le quartier de La Plaine et du Cours Julien concentre quelques-unes des meilleures adresses pour les amateurs de tapas. J\u2019ai craqu\u00e9 pour <strong>La Tasca, v\u00e9ritable institution marseillaise<\/strong> qui r\u00e9gale depuis 19 ans avec ses tapas aux influences ib\u00e9riques, corses et proven\u00e7ales. Sa terrasse couverte offre une ambiance chaleureuse parfaite pour les soir\u00e9es entre amis.<\/p>\n<p>\u00c0 quelques pas, <strong>El Picoteo s\u00e9duit avec son patio verdoyant<\/strong> et sa cuisine de saison. Les s\u0153urs qui tiennent Las Dos Hermanas perp\u00e9tuent l\u2019h\u00e9ritage espagnol avec des recettes traditionnelles qui accompagnent merveilleusement leurs vins espagnols. La Nena compl\u00e8te ce tableau gourmand avec ses patatas bravas et son pan con tomate qui transportent directement en Espagne.<\/p>\n<ul>\n<li>La Tasca : Du mardi au samedi (19h-minuit)<\/li>\n<li>El Picoteo : Cuisine saisonni\u00e8re et patio accueillant<\/li>\n<li>Las Dos Hermanas : Tapas traditionnelles espagnoles<\/li>\n<li>La Nena : Cidre des Asturies et sp\u00e9cialit\u00e9s ib\u00e9riques<\/li>\n<\/ul>\n<p>Le Vieux-Port et ses environs<\/p>\n<p>Le Vieux-Port, embl\u00e8me de Marseille, abrite des \u00e9tablissements qui allient vue imprenable et d\u00e9lices \u00e0 partager. <strong>La Caravelle offre une perspective unique sur la Bonne M\u00e8re<\/strong> et g\u00e2te ses clients avec des tapas offertes pendant l\u2019happy hour. Quand j\u2019ai besoin d\u2019une ambiance plus musicale, je file au Baletti, cette institution corse o\u00f9 les concerts live accompagnent parfaitement les planches ap\u00e9ros.<\/p>\n<p>Pour une touche italienne, Marcello propose un aperitivo raffin\u00e9 avec pizzete, vittello tonnato et scampi fritti. Les amateurs de vins trouveront leur bonheur aux Buvards, <strong>une cave authentique o\u00f9 les terrines maison et fromages fermiers AOP<\/strong> subliment la d\u00e9gustation. Si tu <a href=\"https:\/\/www.newsofmarseille.com\/que-faire-marseille-week-end-itineraire-visites-incontournables-48h-cite-phoceenne-00103392024.html\" target=\"_blank\" rel=\"noopener\">pr\u00e9vois un week-end \u00e0 Marseille<\/a>, ces adresses m\u00e9ritent une place dans ton itin\u00e9raire gourmand.<\/p>\n<ul>\n<li>La Caravelle : Happy hour g\u00e9n\u00e9reux (18h30-21h)<\/li>\n<li>Le Baletti : Concerts live et sp\u00e9cialit\u00e9s corses<\/li>\n<li>Marcello : Aperitivo italien avec large s\u00e9lection de vins<\/li>\n<li>Les Buvards : Cave \u00e0 vins aux planches savoureuses<\/li>\n<\/ul>\n<p>Quartier d\u2019Endoume et Vallon des Auffes<\/p>\n<p>Le quartier d\u2019Endoume et le pittoresque Vallon des Auffes regorgent d\u2019adresses qui marient cadre exceptionnel et cuisine de qualit\u00e9. <strong>Les Membres propose des plateaux inspir\u00e9s de la cuisine espagnole<\/strong> accompagn\u00e9s de vins savamment s\u00e9lectionn\u00e9s. \u00c0 La Ruche, l\u2019ambiance intimiste sert d\u2019\u00e9crin \u00e0 des tapas \u00e0 la fran\u00e7aise, sublim\u00e9es par des cocktails cr\u00e9atifs.<\/p>\n<p>Le Comptoir d\u2019Endoume m\u2019a conquis avec son camembert r\u00f4ti au miel et ses croque-monsieur truff\u00e9s. Mais la p\u00e9pite du quartier reste Viaghji di Fonfon, o\u00f9 la vue sur le Vallon des Auffes devient le complice id\u00e9al des panisses et burrata \u00e0 partager.<\/p>\n<ol>\n<li>Les Membres : Cave \u00e0 vins et plateaux inspir\u00e9s<\/li>\n<li>La Ruche : Tapas fran\u00e7aises et vins bio ou naturels<\/li>\n<li>Le Comptoir d\u2019Endoume : Fromages, charcuteries et ambiance cosy<\/li>\n<li>Viaghji di Fonfon : Vue imprenable et sp\u00e9cialit\u00e9s m\u00e9diterran\u00e9ennes<\/li>\n<\/ol>\n<p>Autres quartiers incontournables<\/p>\n<p>Le quartier Camas abrite quelques p\u00e9pites comme <strong>le Bistrot Georges avec son houmous maison et ses accusa de brocolis<\/strong>. Voil\u00e0 V\u00e9 marie art pictural et gastronomie avec ses panisses au pastis et son ch\u00e8vre \u00e0 la truffe. Le Parpaing Qui Flotte d\u00e9tonne avec son d\u00e9cor color\u00e9 et sa cuisine fusion.<\/p>\n<p>Pr\u00e8s de la Canebi\u00e8re, Le Cercle Rouge revisite les tapas \u00e0 la sauce corse jusqu\u2019\u00e0 1h du matin \u2013 parfait apr\u00e8s une soir\u00e9e au centre-ville ! Les Akolytes, face \u00e0 la plage des Catalans, offre une vue sur la mer qui sublime leurs tapas gastronomiques fran\u00e7aises. La Cave \u00e0 Jambon et sa Terraza \u00e0 Sainte-Anne sont mes repaires pour d\u00e9guster du jambon affin\u00e9 36 mois et du poulpe marin\u00e9.<\/p>\n<ul>\n<li>Camas : Bistrot Georges, Voil\u00e0 V\u00e9, Le Parpaing Qui Flotte<\/li>\n<li>Canebi\u00e8re : Le Cercle Rouge (ouvert jusqu\u2019\u00e0 1h)<\/li>\n<li>Catalans : Les Akolytes et sa vue mer<\/li>\n<li>Rue Sainte : La Cave \u00e0 Jambon et ses sp\u00e9cialit\u00e9s ib\u00e9riques<\/li>\n<\/ul>\n<p>Le Reed\u2019s pr\u00e8s du V\u00e9lodrome combine <strong>tapas savoureuses et diffusion des matchs de l\u2019OM<\/strong> dans son patio int\u00e9rieur \u2013 ambiance garantie les soirs de match ! L\u2019Eb\u00e9nisterie pr\u00e8s de Castellane impressionne avec son patio v\u00e9g\u00e9talis\u00e9 o\u00f9 d\u00e9guster jambon cru et os \u00e0 moelle.<\/p>\n<p>Ambiances et cadres particuliers<\/p>\n<p>Marseille s\u00e9duit par la diversit\u00e9 des atmosph\u00e8res que proposent ses bars \u00e0 tapas. Je craque pour les terrasses ombrag\u00e9es quand le soleil frappe fort, comme celle de La Terraza avec ses guirlandes lumineuses qui cr\u00e9ent une ambiance festive jusqu\u2019au bout de la nuit.<\/p>\n<ul>\n<li>Pour un rendez-vous romantique : Viaghji di Fonfon et sa vue sur le coucher de soleil<\/li>\n<li>Entre amis : Le Reed\u2019s et son ambiance sportive<\/li>\n<li>Pour un afterwork : La Caravelle et son happy hour g\u00e9n\u00e9reux<\/li>\n<li>Pour une soir\u00e9e musicale : Le Baletti et ses concerts live<\/li>\n<\/ul>\n<p>Les cours int\u00e9rieures \u00e9clair\u00e9es \u00e0 la bougie comme au Comptoir d\u2019Endoume offrent une intimit\u00e9 propice aux confidences. Pour les soir\u00e9es plus anim\u00e9es, je file vers les \u00e9tablissements proposant des concerts live comme Le Baletti, o\u00f9 les notes de musique subliment la d\u00e9gustation des planches de charcuteries corses.<\/p>\n<ul>\n<li>Terrasses avec vue : La Caravelle (Notre-Dame de la Garde), Viaghji di Fonfon (Vallon des Auffes)<\/li>\n<li>Patios ombrag\u00e9s : El Picoteo, L\u2019Eb\u00e9nisterie, Le Reed\u2019s<\/li>\n<li>Cadres intimistes : La Ruche, Le Comptoir d\u2019Endoume<\/li>\n<\/ul>\n<p>Certains lieux misent sur un d\u00e9cor atypique, comme <strong>Le Parpaing Qui Flotte et ses tableaux d\u2019artistes locaux<\/strong> qui habillent les murs. D\u2019autres comme L\u2019Eb\u00e9nisterie s\u00e9duisent avec leur mur v\u00e9g\u00e9tal qui apporte une fra\u00eecheur bienvenue en \u00e9t\u00e9. \u00c0 chaque ambiance correspond une exp\u00e9rience culinaire unique, mais toujours marqu\u00e9e par la convivialit\u00e9 m\u00e9diterran\u00e9enne qui fait l\u2019\u00e2me de Marseille !<\/p>\n<p><img loading=\"lazy\" decoding=\"async\" width=\"150\" height=\"150\" src=\"data:image\/svg+xml,%3Csvg%20xmlns=\" http:=\"\" class=\"attachment-150x150 size-150x150\" alt=\"\" itemprop=\"image\" data-lazy- data-lazy- data-lazy-src=\"https:\/\/www.europesays.com\/fr\/wp-content\/uploads\/2025\/04\/img2-150x150.png\"\/><\/p>\n<p>Je suis Adrien, r\u00e9dacteur virtuel depuis quelques ann\u00e9es. J&rsquo;aime pouvoir partager avec vous les tendances Lifestyle sur le blog News Of Marseille. J&rsquo;esp\u00e8re que vous prendrez plaisir \u00e0 lire mes articles !<\/p>\n<p>Partagez l&rsquo;article ou suivez nous !<\/p>\n<p>\n\tNos images sont \u00e0 but illustratif et peuvent ne pas repr\u00e9senter la r\u00e9alit\u00e9<\/p>\n","protected":false},"excerpt":{"rendered":"Ahhh, les tapas ! Ces petites bouch\u00e9es qui font vibrer mes papilles quand je d\u00e9ambule dans les rues&hellip;\n","protected":false},"author":2,"featured_media":25117,"comment_status":"","ping_status":"","sticky":false,"template":"","format":"standard","meta":{"footnotes":""},"categories":[2814],"tags":[1111,11,1777,674,1011,27,9039,9040,884,12,882,25,9041],"class_list":{"0":"post-25116","1":"post","2":"type-post","3":"status-publish","4":"format-standard","5":"has-post-thumbnail","7":"category-marseille","8":"tag-actu","9":"tag-actualites","10":"tag-eu","11":"tag-europe","12":"tag-fr","13":"tag-france","14":"tag-gastronomie-marseillaise","15":"tag-gastronomie-mediterraneenne","16":"tag-marseille","17":"tag-news","18":"tag-provence-alpes-cote-dazur","19":"tag-republique-francaise","20":"tag-vie-nocturne-a-marseille"},"share_on_mastodon":{"url":"https:\/\/pubeurope.com\/@fr\/114338181240109743","error":""},"_links":{"self":[{"href":"https:\/\/www.europesays.com\/fr\/wp-json\/wp\/v2\/posts\/25116","targetHints":{"allow":["GET"]}}],"collection":[{"href":"https:\/\/www.europesays.com\/fr\/wp-json\/wp\/v2\/posts"}],"about":[{"href":"https:\/\/www.europesays.com\/fr\/wp-json\/wp\/v2\/types\/post"}],"author":[{"embeddable":true,"href":"https:\/\/www.europesays.com\/fr\/wp-json\/wp\/v2\/users\/2"}],"replies":[{"embeddable":true,"href":"https:\/\/www.europesays.com\/fr\/wp-json\/wp\/v2\/comments?post=25116"}],"version-history":[{"count":0,"href":"https:\/\/www.europesays.com\/fr\/wp-json\/wp\/v2\/posts\/25116\/revisions"}],"wp:featuredmedia":[{"embeddable":true,"href":"https:\/\/www.europesays.com\/fr\/wp-json\/wp\/v2\/media\/25117"}],"wp:attachment":[{"href":"https:\/\/www.europesays.com\/fr\/wp-json\/wp\/v2\/media?parent=25116"}],"wp:term":[{"taxonomy":"category","embeddable":true,"href":"https:\/\/www.europesays.com\/fr\/wp-json\/wp\/v2\/categories?post=25116"},{"taxonomy":"post_tag","embeddable":true,"href":"https:\/\/www.europesays.com\/fr\/wp-json\/wp\/v2\/tags?post=25116"}],"curies":[{"name":"wp","href":"https:\/\/api.w.org\/{rel}","templated":true}]}}