{"id":251160,"date":"2025-07-16T11:20:12","date_gmt":"2025-07-16T11:20:12","guid":{"rendered":"https:\/\/www.europesays.com\/fr\/251160\/"},"modified":"2025-07-16T11:20:12","modified_gmt":"2025-07-16T11:20:12","slug":"un-prix-douteux-pour-milka-en-allemagne-en-raison-de-la-reduflation","status":"publish","type":"post","link":"https:\/\/www.europesays.com\/fr\/251160\/","title":{"rendered":"Un prix douteux pour Milka en Allemagne, en raison de la r\u00e9duflation"},"content":{"rendered":"<p>        <img decoding=\"async\" src=\"https:\/\/www.retaildetail.be\/wp-content\/themes\/retaildetail\/assets\/sources\/images\/book_icon.svg\" alt=\"icon\" title=\"Article\"\/>    <\/p>\n<p>            <img width=\"1000\" height=\"750\" src=\"https:\/\/www.europesays.com\/fr\/wp-content\/uploads\/2025\/07\/shutterstock_2588198933.jpg\" class=\"attachment-large size-large wp-post-image\" alt=\"\" decoding=\"async\" fetchpriority=\"high\"  \/>        <\/p>\n<p>Shutterstock.com<\/p>\n<p>En Allemagne, Foodwatch a d\u00e9cern\u00e9 un award discutable \u00e0 <strong>Mondelez<\/strong> : le fabricant de chocolat a \u00e9t\u00e9 \u00ab\u00a0r\u00e9compens\u00e9\u00a0\u00bb pour sa publicit\u00e9 trompeuse en raison de la hausse des prix des petits paquets de Milka.<\/p>\n<p>\u00ab La tromperie l\u00e9galis\u00e9e du consommateur \u00bb<\/p>\n<p>En d\u00e9cernant le \u00ab\u00a0Goldene Windbeutel\u00a0\u00bb, l\u2019organisme de surveillance alimentaire Foodwatch d\u00e9clare r\u00e9compenser chaque ann\u00e9e \u00ab le mensonge publicitaire le plus triomphant \u00bb de l\u2019ann\u00e9e. Lors d\u2019un vote en ligne, environ un tiers des 58 000 participants ont pr\u00e9f\u00e9r\u00e9 l\u2019emballage du chocolat Milka Alpenmilch de Mondelez, qui est pass\u00e9 de 100 grammes \u00e0 90 grammes, tandis que le prix passait de 1,49 \u00e0 1,99 euro. Pour les consommateurs, cela signifie une augmentation de 48 % du prix.<\/p>\n<p>\u00ab\u00a0Mondelez trompe les consommateurs dans les supermarch\u00e9s et gagne beaucoup d\u2019argent. La r\u00e9duflation est une tromperie l\u00e9galis\u00e9e \u00e0 l\u2019\u00e9gard des consommateurs, et le gouvernement laisse tomber les gens\u00a0\u00bb, a d\u00e9clar\u00e9 Chris Methmann, directeur de Foodwatch en Allemagne, qui souligne que les informations relatives au poids sont souvent cach\u00e9es par l\u2019emballage ext\u00e9rieur en carton.<\/p>\n<p>L\u2019organisation d\u00e9cerne \u00e9galement un \u00ab\u00a0Gouden Windei\u00a0\u00bb chaque ann\u00e9e aux Pays-Bas. L\u2019ann\u00e9e derni\u00e8re, cet honneur douteux a \u00e9t\u00e9 d\u00e9cern\u00e9 \u00e0 <strong>Albert Heijn<\/strong> pour ses Lekkerbekjes : les snacks surgel\u00e9s contenaient de moins en moins de poisson et de plus en plus de cro\u00fbte.<\/p>\n","protected":false},"excerpt":{"rendered":"Shutterstock.com En Allemagne, Foodwatch a d\u00e9cern\u00e9 un award discutable \u00e0 Mondelez : le fabricant de chocolat a \u00e9t\u00e9&hellip;\n","protected":false},"author":2,"featured_media":251161,"comment_status":"","ping_status":"","sticky":false,"template":"","format":"standard","meta":{"footnotes":""},"categories":[1587],"tags":[11,672,1804,1805,1803,1777,674,1801,12,1802],"class_list":{"0":"post-251160","1":"post","2":"type-post","3":"status-publish","4":"format-standard","5":"has-post-thumbnail","7":"category-allemagne","8":"tag-actualites","9":"tag-allemagne","10":"tag-bundesrepublik-deutschland","11":"tag-de","12":"tag-deutschland","13":"tag-eu","14":"tag-europe","15":"tag-germany","16":"tag-news","17":"tag-republique-federale-dallemagne"},"share_on_mastodon":{"url":"https:\/\/pubeurope.com\/@fr\/114862648464551666","error":""},"_links":{"self":[{"href":"https:\/\/www.europesays.com\/fr\/wp-json\/wp\/v2\/posts\/251160","targetHints":{"allow":["GET"]}}],"collection":[{"href":"https:\/\/www.europesays.com\/fr\/wp-json\/wp\/v2\/posts"}],"about":[{"href":"https:\/\/www.europesays.com\/fr\/wp-json\/wp\/v2\/types\/post"}],"author":[{"embeddable":true,"href":"https:\/\/www.europesays.com\/fr\/wp-json\/wp\/v2\/users\/2"}],"replies":[{"embeddable":true,"href":"https:\/\/www.europesays.com\/fr\/wp-json\/wp\/v2\/comments?post=251160"}],"version-history":[{"count":0,"href":"https:\/\/www.europesays.com\/fr\/wp-json\/wp\/v2\/posts\/251160\/revisions"}],"wp:featuredmedia":[{"embeddable":true,"href":"https:\/\/www.europesays.com\/fr\/wp-json\/wp\/v2\/media\/251161"}],"wp:attachment":[{"href":"https:\/\/www.europesays.com\/fr\/wp-json\/wp\/v2\/media?parent=251160"}],"wp:term":[{"taxonomy":"category","embeddable":true,"href":"https:\/\/www.europesays.com\/fr\/wp-json\/wp\/v2\/categories?post=251160"},{"taxonomy":"post_tag","embeddable":true,"href":"https:\/\/www.europesays.com\/fr\/wp-json\/wp\/v2\/tags?post=251160"}],"curies":[{"name":"wp","href":"https:\/\/api.w.org\/{rel}","templated":true}]}}