{"id":251167,"date":"2025-07-16T11:24:11","date_gmt":"2025-07-16T11:24:11","guid":{"rendered":"https:\/\/www.europesays.com\/fr\/251167\/"},"modified":"2025-07-16T11:24:11","modified_gmt":"2025-07-16T11:24:11","slug":"je-nen-ai-rien-a-peter-de-leur-rentabilite-lance-sandrine-rousseau-a-propos-des-agriculteurs","status":"publish","type":"post","link":"https:\/\/www.europesays.com\/fr\/251167\/","title":{"rendered":"\u00abJe n\u2019en ai rien \u00e0 p\u00e9ter de leur rentabilit\u00e9\u00bb, lance Sandrine Rousseau \u00e0 propos des agriculteurs"},"content":{"rendered":"<p>La d\u00e9put\u00e9e EELV \u00e9tait interrog\u00e9e le 11 juillet dernier sur le m\u00e9dia d\u2019extr\u00eame gauche Le M\u00e9dia au sujet de l\u2019adoption de la loi Duplomb d\u00e9cri\u00e9e par la gauche car elle ouvre la voie \u00e0 la r\u00e9introduction d\u00e9rogatoire de plusieurs insecticides.<\/p>\n<p class=\"fig-paragraph\">Trois jours apr\u00e8s l\u2019adoption d\u00e9finitive de la loi Duplomb \u00e0 l\u2019Assembl\u00e9e nationale, la d\u00e9put\u00e9e \u00e9cologiste\u00a0<a href=\"http:\/\/www.lefigaro.fr\/vox\/societe\/samuel-fitoussi-la-souffrance-est-saine-le-discours-imaginaire-de-sandrine-rousseau-sur-la-canicule-20250706\" target=\"_blank\" data-fig-type=\"Article\" rel=\"noopener\" data-gtm-custom-categorie=\"navigation\" data-gtm-custom-action=\"crossclick\" data-gtm-custom-label=\"Contextuel\" data-gtm-event=\"customEventSPE\" data-fig-domain=\"LEFIGARO\">Sandrine Rousseau<\/a>\u00a0s\u2019en est prise aux agriculteurs sur le plateau de la Contre Matinale, du m\u00e9dia d\u2019extr\u00eame gauche Le M\u00e9dia, co-fond\u00e9 par la d\u00e9put\u00e9e LFI Sophia Chikirou, le 11 juillet dernier.<\/p>\n<p class=\"fig-paragraph\">\u00abJe n\u2019en ai rien \u00e0 p\u00e9ter de leur rentabilit\u00e9\u00bb, a-t-elle lanc\u00e9, d\u2019un ton cat\u00e9gorique, ne laissant pas la journaliste terminer sa question. \u00abJe pense que ce n\u2019est pas le sujet. La rentabilit\u00e9 de l\u2019agriculture par des produits chimiques au d\u00e9triment des sols, de la biodiversit\u00e9 et de notre sant\u00e9, ce n\u2019est pas de la rentabilit\u00e9 en fait, c\u2019est de l\u2019argent sale\u00bb, a ensuite d\u00e9taill\u00e9 l\u2019\u00e9lue de gauche, fermement oppos\u00e9e \u00e0 la\u00a0<a href=\"http:\/\/www.lefigaro.fr\/politique\/environnement-le-parlement-adopte-la-loi-duplomb-et-enchaine-avec-le-texte-gremillet-20250708\" target=\"_blank\" data-fig-type=\"Article\" rel=\"noopener\" data-gtm-custom-categorie=\"navigation\" data-gtm-custom-action=\"crossclick\" data-gtm-custom-label=\"Contextuel\" data-gtm-event=\"customEventSPE\" data-fig-domain=\"LEFIGARO\">loi Duplomb<\/a>.<\/p>\n<p>                                    <a class=\"fig-a11y-skip a11y-hidden\" href=\"#fig-a11y-skip-main-inarticle\"><br \/>\n        Passer la publicit\u00e9<br \/>\n    <\/a><\/p>\n<p>\u00abJe suis tr\u00e8s tr\u00e8s en col\u00e8re\u00bb<\/p>\n<p class=\"fig-paragraph\">Le texte est largement d\u00e9cri\u00e9 par la gauche pour ses \u00abreculs environnementaux\u00bb car elle ouvre la voie \u00e0 la r\u00e9introduction d\u00e9rogatoire de plusieurs insecticides pourtant interdits depuis quelques ann\u00e9es, comme l\u2019ac\u00e9tamipride, un produit de la famille des\u00a0<a href=\"http:\/\/sante.lefigaro.fr\/social\/sante-publique\/a-quel-point-les-neonicotinoides-sont-ils-nocifs-pour-la-sante-humaine-et-pour-l-environnement-20250528\" target=\"_blank\" data-fig-type=\"Article\" rel=\"noopener\" data-gtm-custom-categorie=\"navigation\" data-gtm-custom-action=\"crossclick\" data-gtm-custom-label=\"Contextuel\" data-gtm-event=\"customEventSPE\" data-fig-domain=\"SANTE\">n\u00e9onicotino\u00efdes<\/a>.<\/p>\n<p class=\"fig-paragraph\">Dans son entretien film\u00e9 d\u2019une vingtaine de minutes dans Le M\u00e9dia, Sandrine Rousseau revient donc en longueur sur sa \u00abcol\u00e8re\u00bb apr\u00e8s l\u2019adoption de ce texte. Elle se dit notamment \u00abr\u00e9volt\u00e9e\u00bb face au risque d\u2019explosion de cancers \u00abpour satisfaire Arnaud Rousseau (pr\u00e9sident de la FNSEA), un type qui a une entreprise qui fait des millions de chiffre d\u2019affaires\u00bb. \u00abJe suis extr\u00eamement choqu\u00e9e et tr\u00e8s tr\u00e8s en col\u00e8re, et cette col\u00e8re il va falloir qu\u2019elle sorte\u00bb, a-t-elle ajout\u00e9 dans un rire nerveux, comme le montre le d\u00e9but de l\u2019extrait vid\u00e9o qui fait pol\u00e9mique, repris par\u00a0<a href=\"https:\/\/x.com\/BVoltaire\/status\/1945112922377625609\" target=\"_blank\" rel=\"sponsored noopener\" data-gtm-custom-categorie=\"navigation\" data-gtm-custom-action=\"crossclick\" data-gtm-custom-label=\"Contextuel\" data-gtm-event=\"customEventSPE\">Boulevard Voltaire<\/a>\u00a0sur X et qui fait depuis le tour des r\u00e9seaux sociaux.<\/p>\n<p>\u00abLes \u00e9cologistes d\u00e9testent nos campagnes\u00bb<\/p>\n<p class=\"fig-paragraph\">Les propos de Sandrine Rousseau ont rapidement suscit\u00e9 l\u2019indignation de plusieurs \u00e9lus du Rassemblement national. \u00c0 l\u2019instar d\u2019H\u00e9l\u00e8ne Laporte, vice-pr\u00e9sidente du parti \u00e0 la flamme, qui qualifie d\u2019\u00abincroyable\u00bb \u00abcette haine de ceux qui nourrissent les Fran\u00e7ais\u00bb. Avant de s\u2019adresser aux agriculteurs dans son tweet\u00a0: \u00abN\u2019oubliez pas&#8230;\u00bb Julien Odoul, d\u00e9put\u00e9 RN de l\u2019Yonne, a quant \u00e0 lui estim\u00e9 sur X que \u00ables \u00e9cologistes d\u00e9testent nos campagnes, nos fermes et nos \u00e9leveurs\u00bb. Et de poursuivre\u00a0: \u00abL\u2019extr\u00eame gauche qui crache \u00e0 la figure de nos agriculteurs\u00a0: DEHORS\u00a0!\u00bb<\/p>\n<p class=\"fig-paragraph\">Le discours de Sandrine Rousseau intervient alors que le revenu moyen des agriculteurs a baiss\u00e9 de 40% en 30 ans et que 18% d\u2019entre eux vivent sous le seuil de pauvret\u00e9. Ces conditions en poussent certains au suicide, comme S\u00e9bastien Solans, 40 ans, qui a mis fin \u00e0 ses jours en janvier dernier alors qu\u2019il venait de reprendre l\u2019int\u00e9gralit\u00e9 de l\u2019exploitation familiale. Les derniers chiffres disponibles datent de 2016, 529 d\u00e9c\u00e8s avaient \u00e9t\u00e9 recens\u00e9s par la Mutualit\u00e9 Sociale Agricole (MSA). Cela correspond \u00e0 environ 1,5 suicide par jour, un chiffre sous-estim\u00e9 en raison de possibles cas non comptabilis\u00e9s.<\/p>\n","protected":false},"excerpt":{"rendered":"La d\u00e9put\u00e9e EELV \u00e9tait interrog\u00e9e le 11 juillet dernier sur le m\u00e9dia d\u2019extr\u00eame gauche Le M\u00e9dia au sujet&hellip;\n","protected":false},"author":2,"featured_media":251168,"comment_status":"","ping_status":"","sticky":false,"template":"","format":"standard","meta":{"footnotes":""},"categories":[2],"tags":[11,2572,1011,27,12,25,6522],"class_list":{"0":"post-251167","1":"post","2":"type-post","3":"status-publish","4":"format-standard","5":"has-post-thumbnail","7":"category-actualites","8":"tag-actualites","9":"tag-agriculteurs","10":"tag-fr","11":"tag-france","12":"tag-news","13":"tag-republique-francaise","14":"tag-sandrine-rousseau"},"share_on_mastodon":{"url":"https:\/\/pubeurope.com\/@fr\/114862664137245151","error":""},"_links":{"self":[{"href":"https:\/\/www.europesays.com\/fr\/wp-json\/wp\/v2\/posts\/251167","targetHints":{"allow":["GET"]}}],"collection":[{"href":"https:\/\/www.europesays.com\/fr\/wp-json\/wp\/v2\/posts"}],"about":[{"href":"https:\/\/www.europesays.com\/fr\/wp-json\/wp\/v2\/types\/post"}],"author":[{"embeddable":true,"href":"https:\/\/www.europesays.com\/fr\/wp-json\/wp\/v2\/users\/2"}],"replies":[{"embeddable":true,"href":"https:\/\/www.europesays.com\/fr\/wp-json\/wp\/v2\/comments?post=251167"}],"version-history":[{"count":0,"href":"https:\/\/www.europesays.com\/fr\/wp-json\/wp\/v2\/posts\/251167\/revisions"}],"wp:featuredmedia":[{"embeddable":true,"href":"https:\/\/www.europesays.com\/fr\/wp-json\/wp\/v2\/media\/251168"}],"wp:attachment":[{"href":"https:\/\/www.europesays.com\/fr\/wp-json\/wp\/v2\/media?parent=251167"}],"wp:term":[{"taxonomy":"category","embeddable":true,"href":"https:\/\/www.europesays.com\/fr\/wp-json\/wp\/v2\/categories?post=251167"},{"taxonomy":"post_tag","embeddable":true,"href":"https:\/\/www.europesays.com\/fr\/wp-json\/wp\/v2\/tags?post=251167"}],"curies":[{"name":"wp","href":"https:\/\/api.w.org\/{rel}","templated":true}]}}