{"id":251169,"date":"2025-07-16T11:25:14","date_gmt":"2025-07-16T11:25:14","guid":{"rendered":"https:\/\/www.europesays.com\/fr\/251169\/"},"modified":"2025-07-16T11:25:14","modified_gmt":"2025-07-16T11:25:14","slug":"rugby-le-xv-de-france-cela-mest-passe-sous-le-nez-quatre-ou-cinq-fois","status":"publish","type":"post","link":"https:\/\/www.europesays.com\/fr\/251169\/","title":{"rendered":"Rugby. \u00ab\u00a0Le XV de France ? Cela m\u2019est pass\u00e9 sous le nez quatre ou cinq fois\u00a0\u00bb"},"content":{"rendered":"<p>            Par<br \/>\n        <strong><br \/>\n            <a href=\"https:\/\/actu.fr\/auteur\/redaction-rugby\" title=\"Consulter tous les articles de R\u00e9daction Rugby\" target=\"_blank\" rel=\"noopener\">R\u00e9daction Rugby<\/a><br \/>\n        <\/strong><\/p>\n<p>        Publi\u00e9 le<\/p>\n<p>            16 juil. 2025 \u00e0 13h01        <\/p>\n<p>International U20 \u00e0 15 reprises (et capitaine), <a href=\"https:\/\/actu.fr\/rugby\/joueur\/castets_6548b1d34481bf25852f3a12\/\" target=\"_blank\" rel=\"noopener\">Cl\u00e9ment Castets<\/a> \u00e9tait per\u00e7u \u00e0 l\u2019\u00e9poque comme l\u2019un des piliers les plus prometteurs de sa g\u00e9n\u00e9ration. Pass\u00e9 par le centre de formation de Montpellier, il rejoint Toulouse lors de l\u2019\u00e9t\u00e9 2016, avec l\u2019espoir de franchir un cap. Si son parcours a \u00e9t\u00e9 sem\u00e9 d\u2019emb\u00fbches, Cl\u00e9ment Castets n\u2019a jamais baiss\u00e9 la t\u00eate, et s\u2019est r\u00e9v\u00e9l\u00e9 sur plusieurs saisons une r\u00e9f\u00e9rence au poste de pilier gauche.<\/p>\n<p>Castets : le rendez-vous rat\u00e9 avec le XV de France<\/p>\n<p class=\" wall-content\">Cela lui a valu plus d\u2019un appel avec <a href=\"https:\/\/actu.fr\/rugby\/xv-de-france\" target=\"_blank\" rel=\"noopener\">le XV de France<\/a>. La premi\u00e8re fois en mars 2020. Mais \u00e0 29 ans, il n\u2019a encore jamais \u00e9t\u00e9 cap\u00e9.<\/p>\n<p class=\" wall-content\">Dans un entretien \u00e0 c\u0153ur ouvert pour <a href=\"https:\/\/www.rugbyrama.fr\/2025\/07\/16\/top-14-je-devais-voir-autre-chose-clement-castets-lancien-pilier-de-toulouse-et-de-paris-raconte-son-aventure-en-nouvelle-zelande-12823913.php\" target=\"_blank\" rel=\"noopener\">Midi Olympique<\/a>, il a \u00e9voqu\u00e9 ce rendez-vous rat\u00e9 avec les Bleus : \u00ab\u00a0J\u2019ai fait peut-\u00eatre quinze stages, et je n\u2019ai aucune s\u00e9lection. Une fois, j\u2019ai fait une bonne semaine d\u2019entra\u00eenement et puis, Covid\u2026 Sur une tourn\u00e9e d\u2019automne, Cyril Baille se blesse, ils appellent Reda Wardi. Reda prend un rouge, Cyril revient de blessure. Cela m\u2019est pass\u00e9 sous le nez quatre ou cinq fois\u00a0\u00bb.\u00a0<\/p>\n<p>Cl\u00e9ment Castets en Nouvelle-Z\u00e9lande<\/p>\n<p class=\" wall-content\">Aujourd\u2019hui, dur pour lui de pr\u00e9tendre \u00e0 la s\u00e9lection nationale. Cl\u00e9ment Castets le reconna\u00eet par ailleurs : il sort \u00ab\u00a0de la saison la plus difficile\u00a0\u00bb de sa carri\u00e8re. Au Stade Fran\u00e7ais, le pilier gauche a eu du mal \u00e0 avoir de la continuit\u00e9 dans ses performances. Il s\u2019est aussi d\u00e9bo\u00eet\u00e9 \u00e0 deux reprises la m\u00eame \u00e9paule, la derni\u00e8re fois fin mai contre Clermont.<\/p>\n<p class=\" wall-content\">Apr\u00e8s d\u00e9cision, il ne s\u2019est pas fait op\u00e9rer. En fin de contrat et pas conserv\u00e9 par le Stade Fran\u00e7ais, Cl\u00e9ment Castets a pris la direction de la Nouvelle-Z\u00e9lande. Un virage, dont il avait besoin. Il va d\u00e9fendre les couleurs de Manawatu, club avec lequel il va disputer le NPC. Arriv\u00e9 depuis peu, il avoue que ce qu\u2019il vit, \u00ab\u00a0ce n\u2019est que du bonheur\u00a0\u00bb.<\/p>\n<p>Vid\u00e9os : en ce moment sur Actu<\/p>\n<p class=\" wall-content\">Suivez toute l\u2019actualit\u00e9 de vos villes et m\u00e9dias favoris en vous inscrivant \u00e0 <a href=\"https:\/\/moncompte.actu.fr\" title=\"D\u00e9couvez Mon Actu\" rel=\"nofollow noopener\" data-trk=\"{&quot;cta&quot;:{&quot;action&quot;:&quot;https:\\\/\\\/moncompte.actu.fr&quot;,&quot;category&quot;:&quot;mon compte&quot;,&quot;from&quot;:&quot;article footer&quot;,&quot;name&quot;:&quot;Mon actu&quot;,&quot;type&quot;:&quot;cta&quot;}}\" target=\"_blank\">Mon Actu<\/a>.<\/p>\n<ul class=\"ac-article-tag wall-content\">\n<li><a href=\"https:\/\/actu.fr\/tag\/stade-francais\" data-trk=\"{&quot;cta&quot;:{&quot;action&quot;:&quot;Stade Fran\\u00e7ais&quot;,&quot;category&quot;:&quot;tag&quot;,&quot;from&quot;:&quot;article footer&quot;,&quot;name&quot;:&quot;Stade Fran\\u00e7ais&quot;,&quot;type&quot;:&quot;cta&quot;}}\" target=\"_blank\" rel=\"noopener\">#Stade Fran\u00e7ais<\/a><\/li>\n<li><a href=\"https:\/\/actu.fr\/tag\/xv-de-france\" data-trk=\"{&quot;cta&quot;:{&quot;action&quot;:&quot;XV de France&quot;,&quot;category&quot;:&quot;tag&quot;,&quot;from&quot;:&quot;article footer&quot;,&quot;name&quot;:&quot;XV de France&quot;,&quot;type&quot;:&quot;cta&quot;}}\" target=\"_blank\" rel=\"noopener\">#XV de France<\/a><\/li>\n<\/ul>\n","protected":false},"excerpt":{"rendered":"Par R\u00e9daction Rugby Publi\u00e9 le 16 juil. 2025 \u00e0 13h01 International U20 \u00e0 15 reprises (et capitaine), Cl\u00e9ment&hellip;\n","protected":false},"author":2,"featured_media":251170,"comment_status":"","ping_status":"","sticky":false,"template":"","format":"standard","meta":{"footnotes":""},"categories":[4],"tags":[11,1011,27,12,3788,25,479,60,2558,513],"class_list":{"0":"post-251169","1":"post","2":"type-post","3":"status-publish","4":"format-standard","5":"has-post-thumbnail","7":"category-france","8":"tag-actualites","9":"tag-fr","10":"tag-france","11":"tag-news","12":"tag-pro","13":"tag-republique-francaise","14":"tag-rugby","15":"tag-sports","16":"tag-stade-francais","17":"tag-xv-de-france"},"share_on_mastodon":{"url":"https:\/\/pubeurope.com\/@fr\/114862668423106354","error":""},"_links":{"self":[{"href":"https:\/\/www.europesays.com\/fr\/wp-json\/wp\/v2\/posts\/251169","targetHints":{"allow":["GET"]}}],"collection":[{"href":"https:\/\/www.europesays.com\/fr\/wp-json\/wp\/v2\/posts"}],"about":[{"href":"https:\/\/www.europesays.com\/fr\/wp-json\/wp\/v2\/types\/post"}],"author":[{"embeddable":true,"href":"https:\/\/www.europesays.com\/fr\/wp-json\/wp\/v2\/users\/2"}],"replies":[{"embeddable":true,"href":"https:\/\/www.europesays.com\/fr\/wp-json\/wp\/v2\/comments?post=251169"}],"version-history":[{"count":0,"href":"https:\/\/www.europesays.com\/fr\/wp-json\/wp\/v2\/posts\/251169\/revisions"}],"wp:featuredmedia":[{"embeddable":true,"href":"https:\/\/www.europesays.com\/fr\/wp-json\/wp\/v2\/media\/251170"}],"wp:attachment":[{"href":"https:\/\/www.europesays.com\/fr\/wp-json\/wp\/v2\/media?parent=251169"}],"wp:term":[{"taxonomy":"category","embeddable":true,"href":"https:\/\/www.europesays.com\/fr\/wp-json\/wp\/v2\/categories?post=251169"},{"taxonomy":"post_tag","embeddable":true,"href":"https:\/\/www.europesays.com\/fr\/wp-json\/wp\/v2\/tags?post=251169"}],"curies":[{"name":"wp","href":"https:\/\/api.w.org\/{rel}","templated":true}]}}