{"id":251171,"date":"2025-07-16T11:26:18","date_gmt":"2025-07-16T11:26:18","guid":{"rendered":"https:\/\/www.europesays.com\/fr\/251171\/"},"modified":"2025-07-16T11:26:18","modified_gmt":"2025-07-16T11:26:18","slug":"fanny-sunesson-de-retour-au-british-open-avec-henrik-stenson","status":"publish","type":"post","link":"https:\/\/www.europesays.com\/fr\/251171\/","title":{"rendered":"Fanny Sunesson de retour au British Open avec Henrik Stenson"},"content":{"rendered":"<p>\t\t\t\t\t\t<img width=\"770\" height=\"556\" src=\"https:\/\/www.europesays.com\/fr\/wp-content\/uploads\/2025\/07\/sunesson-stenson-liv-770x556.jpg\" class=\"img-responsive wp-post-image\" alt=\"LIV Golf\" decoding=\"async\" fetchpriority=\"high\"  \/>\t\t\t\t\t<\/p>\n<p>\t\t\t\t\t\t Partager cet article <\/p>\n<p class=\"screen-reader-text juiz_sps_maybe_hidden_text\">Partager la publication \u00ab\u00a0Fanny Sunesson de retour au British Open avec Henrik Stenson\u00a0\u00bb<\/p>\n<p><strong>Fanny Sunesson signe son retour au British Open aux c\u00f4t\u00e9s d\u2019Henrik Stenson, retrouvant ainsi un circuit qui lui doit certaines des pages les plus marquantes de l\u2019histoire du caddying.<\/strong><\/p>\n<p>\u00a0<\/p>\n<p><strong>Fanny Sunesson<\/strong> a accompagn\u00e9 <strong>Henrik Stenson<\/strong> entre 2006 et 2011, remportant \u00e0 ses c\u00f4t\u00e9s des \u00e9preuves majeures comme le <strong>WGC-Match Play<\/strong> ou le <strong>Players Championship.<\/strong><\/p>\n<p>La Su\u00e9doise retrouve son compatriote le temps du <strong>British Open <\/strong>pour remplacer le caddie habituel d\u2019Henrik Stenson, notamment retenu pour organiser le <strong>Stenson Sunesson Junior Challenge<\/strong> en Su\u00e8de, apr\u00e8s avoir offici\u00e9 pour la premi\u00e8re fois sur le<strong> LIV Golf <\/strong>\u00e0 Dallas. Pour Fanny Sunesson, qui confiait alors \u00ab\u202fc\u2019est agr\u00e9able d\u2019\u00eatre de retour avec Henrik. Je prends plaisir \u00e0 cela\u202f\u00bb, ce retour signe aussi une belle continuit\u00e9 d\u2019amiti\u00e9 et de complicit\u00e9 sur les parcours.<\/p>\n<p>\u00a0<\/p>\n<p>Une pionni\u00e8re au palmar\u00e8s historique<\/p>\n<p>Fanny Sunesson ne revient pas incognito\u202f: elle demeure la premi\u00e8re femme caddie \u00e0 avoir remport\u00e9 un Majeur masculin, marquant l\u2019histoire aux c\u00f4t\u00e9s de <strong>Nick Faldo<\/strong> avec quatre majeurs, dont deux Opens britanniques (en 1990 et 1992). \u00ab\u202fJe n\u2019ai jamais pens\u00e9 \u00e0 moi comme une femme caddie \u2013 juste un caddie\u202f\u00bb, <a href=\"http:\/\/golf.ecco.com\/stories\/the-caddie-legend-fanny-sunesson-a56\" rel=\"nofollow noopener\" target=\"_blank\">raconte-t-elle<\/a>.<\/p>\n<p>Apr\u00e8s sa carri\u00e8re aux c\u00f4t\u00e9s de l\u2019Anglais, elle a multipli\u00e9 les exp\u00e9riences, revenant m\u00eame de sa retraite pour porter le sac d\u2019<strong>Adam Scott <\/strong>au British Open 2018, et m\u00eame celui de <strong>Victor Perez<\/strong>, ou servir de coach mental \u00e0 <strong>Martin Kaymer<\/strong>.<\/p>\n<p>\u00a0<\/p>\n<p>Une histoire de fid\u00e9lit\u00e9 et d\u2019excellence<\/p>\n<p>La relation de confiance qui lie Fanny Sunesson \u00e0 Nick Faldo \u2013 qui lui a offert un pendentif en forme de Claret Jug, clin d\u2019\u0153il \u00e0 leur parcours commun \u2013 se retrouve avec Henrik Stenson.<\/p>\n<p>Tous deux organisent chaque ann\u00e9e un tournoi junior en Su\u00e8de, et leur complicit\u00e9 n\u2019a jamais faibli\u202f: \u00ab\u202fQuand vous travaillez avec quelqu\u2019un durant de nombreuses ann\u00e9es et que vous connaissez bien, il y a un vrai confort\u202f\u00bb, <a href=\"https:\/\/www.golfmonthly.com\/news\/legendary-caddie-fanny-sunesson-back-on-henrik-stensons-bag-for-liv-golf-dallas-and-the-open\" rel=\"nofollow noopener\" target=\"_blank\">explique Stenson<\/a>.<\/p>\n<p>\u00a0<\/p>\n<p>Photo\u00a0: LIV Golf<\/p>\n<p>\t\t\t\t<img loading=\"lazy\" decoding=\"async\" src=\"data:image\/svg+xml,%3Csvg%20xmlns=\" http:=\"\" attributionsrc=\"\" border=\"0\" height=\"1\" width=\"1\" alt=\"Advertisement\" data-lazy-src=\"https:\/\/www.europesays.com\/fr\/wp-content\/uploads\/2025\/04\/B33047934.412404309;dc_trk_aid=603484932;dc_trk_cid=227659580;ord=[timestamp];dc_lat=;dc_rdid=;tag_f.gif\"\/><\/p>\n<p>\t\t\t\t\t<a id=\"158178\" href=\"https:\/\/ad.doubleclick.net\/ddm\/trackclk\/N1153799.3770024GOLFPLANATE\/B33047934.412404309;dc_trk_aid=603484932;dc_trk_cid=227659580;dc_lat=;dc_rdid=;tag_for_child_directed_treatment=;tfua=;gdpr=${GDPR};gdpr_consent=${GDPR_CONSENT_755};ltd=;dc_tdv=1\" target=\"_blank\" rel=\"sponsorised nofollow noopener\"><img decoding=\"async\" src=\"data:image\/svg+xml,%3Csvg%20xmlns=\" http:=\"\" class=\"img-responsive\" alt=\"\" data-lazy-src=\"https:\/\/www.europesays.com\/fr\/wp-content\/uploads\/2025\/04\/callaway-e01-elyte-driver-770x385-1.jpg\"\/><\/a><\/p>\n","protected":false},"excerpt":{"rendered":"Partager cet article Partager la publication \u00ab\u00a0Fanny Sunesson de retour au British Open avec Henrik Stenson\u00a0\u00bb Fanny Sunesson&hellip;\n","protected":false},"author":2,"featured_media":251172,"comment_status":"","ping_status":"","sticky":false,"template":"","format":"standard","meta":{"footnotes":""},"categories":[1418],"tags":[1011,27,1472,60],"class_list":{"0":"post-251171","1":"post","2":"type-post","3":"status-publish","4":"format-standard","5":"has-post-thumbnail","7":"category-golf","8":"tag-fr","9":"tag-france","10":"tag-golf","11":"tag-sports"},"share_on_mastodon":{"url":"https:\/\/pubeurope.com\/@fr\/114862672182800191","error":""},"_links":{"self":[{"href":"https:\/\/www.europesays.com\/fr\/wp-json\/wp\/v2\/posts\/251171","targetHints":{"allow":["GET"]}}],"collection":[{"href":"https:\/\/www.europesays.com\/fr\/wp-json\/wp\/v2\/posts"}],"about":[{"href":"https:\/\/www.europesays.com\/fr\/wp-json\/wp\/v2\/types\/post"}],"author":[{"embeddable":true,"href":"https:\/\/www.europesays.com\/fr\/wp-json\/wp\/v2\/users\/2"}],"replies":[{"embeddable":true,"href":"https:\/\/www.europesays.com\/fr\/wp-json\/wp\/v2\/comments?post=251171"}],"version-history":[{"count":0,"href":"https:\/\/www.europesays.com\/fr\/wp-json\/wp\/v2\/posts\/251171\/revisions"}],"wp:featuredmedia":[{"embeddable":true,"href":"https:\/\/www.europesays.com\/fr\/wp-json\/wp\/v2\/media\/251172"}],"wp:attachment":[{"href":"https:\/\/www.europesays.com\/fr\/wp-json\/wp\/v2\/media?parent=251171"}],"wp:term":[{"taxonomy":"category","embeddable":true,"href":"https:\/\/www.europesays.com\/fr\/wp-json\/wp\/v2\/categories?post=251171"},{"taxonomy":"post_tag","embeddable":true,"href":"https:\/\/www.europesays.com\/fr\/wp-json\/wp\/v2\/tags?post=251171"}],"curies":[{"name":"wp","href":"https:\/\/api.w.org\/{rel}","templated":true}]}}