{"id":251173,"date":"2025-07-16T11:27:11","date_gmt":"2025-07-16T11:27:11","guid":{"rendered":"https:\/\/www.europesays.com\/fr\/251173\/"},"modified":"2025-07-16T11:27:11","modified_gmt":"2025-07-16T11:27:11","slug":"les-martiniquaises-sacrees-championnes-les-garcons-decrochent-le-bronze","status":"publish","type":"post","link":"https:\/\/www.europesays.com\/fr\/251173\/","title":{"rendered":"les martiniquaises sacr\u00e9es championnes, les gar\u00e7ons d\u00e9crochent le bronze"},"content":{"rendered":"<p>La s\u00e9lection f\u00e9minine U23 de Martinique a r\u00e9alis\u00e9 un parcours sans faute au <strong>Championnat de la Cara\u00efbe de Volleyball,<\/strong> qui s\u2019est d\u00e9roul\u00e9 <strong>du 10 au 13 juillet \u00e0 Trinit\u00e9-et-Tobago<\/strong>. En finale, les Martiniquaises ont triomph\u00e9 du Suriname en s\u2019imposant 3 sets \u00e0 1, d\u00e9crochant ainsi le titre de championnes de la Cara\u00efbe.<\/p>\n<p>Ce succ\u00e8s collectif s\u2019est accompagn\u00e9 de quelques distinctions individuelles :<\/p>\n<ul>\n<li aria-level=\"1\">Maelyss Melinard-Chanteur : meilleure joueuse du tournoi et meilleure attaquante<\/li>\n<li aria-level=\"1\">Dorianne Chadet : meilleure centrale<\/li>\n<li aria-level=\"1\">Emaline Kalt : meilleure passeuse<\/li>\n<li aria-level=\"1\">Alice Malinard : \u00e9galement meilleure centrale<\/li>\n<\/ul>\n<p><strong>La capitaine Maelyss Melinard-Chanteur <\/strong>a salu\u00e9 l\u2019esprit d\u2019\u00e9quipe qui a men\u00e9 \u00e0 la victoire :<\/p>\n<blockquote>\n<p>\u00c7a a \u00e9t\u00e9 une exp\u00e9rience incroyable qu&rsquo;on a r\u00e9ussi \u00e0 faire tout ensemble. La victoire, \u00e7a a \u00e9t\u00e9 l&rsquo;accomplissement de ce projet.<\/p>\n<\/blockquote>\n<p>Les gar\u00e7ons sur la troisi\u00e8me marche du podium<\/p>\n<p>Du c\u00f4t\u00e9 masculin, la s\u00e9lection U23 de Martinique a termin\u00e9 troisi\u00e8me du tournoi apr\u00e8s une belle victoire contre la Guadeloupe sur le score de 3 sets \u00e0 1.<\/p>\n<p>Une performance encourageante pour Geane Vagabert &#8211; Lohan Lefevre, capitaine de la s\u00e9lection masculine :<\/p>\n<blockquote>\n<p>J&rsquo;esp\u00e8re que mes co\u00e9quipiers, ils ont appris parce que c&rsquo;\u00e9tait leur premi\u00e8re, presque \u00e0 tous. Et je pense que l&rsquo;ann\u00e9e prochaine, on pourra faire mieux.<\/p>\n<\/blockquote>\n<p>\u00c0 titre individuel, Kean Melinard a \u00e9t\u00e9 \u00e9lu meilleur passeur 2 du tournoi masculin.<\/p>\n","protected":false},"excerpt":{"rendered":"La s\u00e9lection f\u00e9minine U23 de Martinique a r\u00e9alis\u00e9 un parcours sans faute au Championnat de la Cara\u00efbe de&hellip;\n","protected":false},"author":2,"featured_media":251174,"comment_status":"","ping_status":"","sticky":false,"template":"","format":"standard","meta":{"footnotes":""},"categories":[1417],"tags":[1011,27,60,1470,1469],"class_list":{"0":"post-251173","1":"post","2":"type-post","3":"status-publish","4":"format-standard","5":"has-post-thumbnail","7":"category-volley","8":"tag-fr","9":"tag-france","10":"tag-sports","11":"tag-volley","12":"tag-volleyball"},"share_on_mastodon":{"url":"https:\/\/pubeurope.com\/@fr\/114862675967554841","error":""},"_links":{"self":[{"href":"https:\/\/www.europesays.com\/fr\/wp-json\/wp\/v2\/posts\/251173","targetHints":{"allow":["GET"]}}],"collection":[{"href":"https:\/\/www.europesays.com\/fr\/wp-json\/wp\/v2\/posts"}],"about":[{"href":"https:\/\/www.europesays.com\/fr\/wp-json\/wp\/v2\/types\/post"}],"author":[{"embeddable":true,"href":"https:\/\/www.europesays.com\/fr\/wp-json\/wp\/v2\/users\/2"}],"replies":[{"embeddable":true,"href":"https:\/\/www.europesays.com\/fr\/wp-json\/wp\/v2\/comments?post=251173"}],"version-history":[{"count":0,"href":"https:\/\/www.europesays.com\/fr\/wp-json\/wp\/v2\/posts\/251173\/revisions"}],"wp:featuredmedia":[{"embeddable":true,"href":"https:\/\/www.europesays.com\/fr\/wp-json\/wp\/v2\/media\/251174"}],"wp:attachment":[{"href":"https:\/\/www.europesays.com\/fr\/wp-json\/wp\/v2\/media?parent=251173"}],"wp:term":[{"taxonomy":"category","embeddable":true,"href":"https:\/\/www.europesays.com\/fr\/wp-json\/wp\/v2\/categories?post=251173"},{"taxonomy":"post_tag","embeddable":true,"href":"https:\/\/www.europesays.com\/fr\/wp-json\/wp\/v2\/tags?post=251173"}],"curies":[{"name":"wp","href":"https:\/\/api.w.org\/{rel}","templated":true}]}}