{"id":251175,"date":"2025-07-16T11:28:18","date_gmt":"2025-07-16T11:28:18","guid":{"rendered":"https:\/\/www.europesays.com\/fr\/251175\/"},"modified":"2025-07-16T11:28:18","modified_gmt":"2025-07-16T11:28:18","slug":"tournee-du-xv-de-france-en-nouvelle-zelande-petit-jetais-fan-de-serge-blanco-on-a-retrouve-keven-mealamu","status":"publish","type":"post","link":"https:\/\/www.europesays.com\/fr\/251175\/","title":{"rendered":"Tourn\u00e9e du XV de France en Nouvelle-Z\u00e9lande &#8211; \u00ab\u00a0Petit, j\u2019\u00e9tais fan de Serge Blanco\u00a0\u00bb : on a retrouv\u00e9 Keven Mealamu"},"content":{"rendered":"<p>\n                Keven Mealamu &#8211; ex-talonneur des All Blacks. Aussi rare dans les m\u00e9dias qu\u2019il \u00e9tait redoutable sur le terrain, nous avons retrouv\u00e9 l\u2019ex-All Black aux 132 s\u00e9lections, Keven Mealamu. Aujourd\u2019hui assureur et propri\u00e9taire d\u2019une salle de sport \u00e0 Auckland, ce monument vivant du rugby mondial \u00e9voque cette tourn\u00e9e des Bleus, ses souvenirs contre la France, ses All Blacks et son incroyable long\u00e9vit\u00e9&#8230;\n            <\/p>\n<p>S\u2019il est un ex-international qui n\u2019a pas le rayonnement m\u00e9diatique de son immense carri\u00e8re, c\u2019est bien Keven Mealamu. Du haut de ses 132 s\u00e9lections, de ses deux titres de champion du monde, ses six Tri Nations et ses trois Rugby Championship, l\u2019ex-talonneur des Blues d\u2019Auckland poss\u00e8de l\u2019un des plus grands palmar\u00e8s du rugby n\u00e9o-z\u00e9landais et mondial. Pourtant, vous ne l\u2019entendez jamais dans des podcasts d\u2019experts, ni ne le voyez devant les cam\u00e9ras et encore moins dans les colonnes des journaux. En fait, Keven Mealamu est rest\u00e9 dans la droite ligne du joueur qu\u2019il \u00e9tait : taiseux, discret, et accessoirement un gars d\u00e9licieusement sympathique et d\u00e9licat. Voil\u00e0 qui tranche franchement avec son physique de videur d\u2019une bo\u00eete de nuit d\u2019Auckland Sud et sa gueule cass\u00e9e de combattant de MMA. Nous avons pourtant retrouv\u00e9 sa trace gr\u00e2ce \u00e0 une connaissance commune, l\u2019ancien troisi\u00e8me ligne d\u2019Agen et de Biarritz Ueleni Fono. Alors, on s\u2019est dit qu\u2019en cette p\u00e9riode de tourn\u00e9e n\u00e9o-z\u00e9landaise, on allait prendre des nouvelles de ce monstre vivant du rugby n\u00e9o-z\u00e9landais. Et l\u2019on fut ravi d\u2019apprendre qu\u2019aujourd\u2019hui, M. Mealamu est un retrait\u00e9 heureux \u00e0 l\u2019agenda rempli par sa bo\u00eete d\u2019assurance, sa salle de sport et sa vie de famille, mais qui a tout de m\u00eame pris une bonne heure pour \u00e9changer. En toute simplicit\u00e9\u2026<\/p>\n<p>La tourn\u00e9e actuelle : \u00ab\u00a0Toujours un match \u00e0 part\u00a0\u00bb<\/p>\n<p>\u00ab\u00a0Cela faisait bien longtemps que je n\u2019avais pas eu autant h\u00e2te d\u2019assister \u00e0 une tourn\u00e9e ! Il y a tellement d\u2019histoire et d\u2019h\u00e9ritage entre nos deux pays\u2026 Quand j\u2019\u00e9tais petit, je regardais d\u00e9j\u00e0 les Nouvelle-Z\u00e9lande-France \u00e0 la t\u00e9l\u00e9vision et je r\u00eavais d\u2019en jouer un jour. Il y avait tous mes joueurs pr\u00e9f\u00e9r\u00e9s sur le terrain : chez vous c\u2019\u00e9tait Serge Blanco, pour les All Blacks c\u2019\u00e9tait John Kirwan. Quand ils s\u2019affrontaient enfin j\u2019\u00e9tais comme un fou devant le poste ! Mais honn\u00eatement, les Bleus ne viennent pas assez souvent nous voir. Mais c\u2019est aussi pour cette raison que ce sont des matchs vraiment \u00e0 part pour nous. Car ils sont rares. J\u2019aime aussi ces matchs parce que ce sont deux \u00e9quipes qui jouent avec de l\u2019instinct, qui sont impr\u00e9visibles. Avec vous, il peut toujours se passer quelque chose. Et les All Blacks ont des joueurs qui arrivent \u00e0 transformer une micro-occasion en essai de cent m\u00e8tres. Ces \u00e9quipes jouent en fonction de ce qui se trouve devant elles, elles s\u2019adaptent, tentent. Elles ne sont pas programm\u00e9es comme l\u2019Afrique du Sud, l\u2019Irlande ou l\u2019Angleterre. Avec les Sud-Africains, on connaissait la physionomie du match avant de le jouer : la guerre devant, et une charni\u00e8re qui tapait au pied pour occuper. C\u2019\u00e9tait pr\u00e9visible, mais souvent sacr\u00e9ment douloureux\u2026 Pour en revenir au rugby fran\u00e7ais, j\u2019aimerais suivre davantage le Top 14, mais les rencontres tombent toujours \u00e0 des heures impossibles. J\u2019ai eu de la chance de venir \u00e0 la Coupe du monde en France en 2023, et j\u2019ai pu voir \u00e9voluer des joueurs qui m\u2019ont vraiment plu comme Peato Mauvaka, votre talonneur. J\u2019adore sa fa\u00e7on de jouer, il est tr\u00e8s dynamique balle en main et je suis d\u00e9\u00e7u qu\u2019il soit bless\u00e9. \u00c0 mon sens, il incarne parfaitement la nouvelle g\u00e9n\u00e9ration de talonneurs, qui sont tr\u00e8s actifs dans le jeu et habiles balle en main. Quand je le vois jouer, je me dis qu\u2019il ferait m\u00eame un bon premier centre\u2026\u00a0\u00bb<\/p>\n<p>        <img decoding=\"async\" class=\"std-img__img responsive-img\" src=\"https:\/\/www.europesays.com\/fr\/wp-content\/uploads\/2025\/07\/1752665297_312_image.jpg\" alt=\"Keven Mealamu face \u00e0 S\u00e9bastien Chabal en 2006 \u00e0 Wellington\"\/><\/p>\n<p>                Keven Mealamu face \u00e0 S\u00e9bastien Chabal en 2006 \u00e0 Wellington<br \/>\n                                    Christian Liewig \/ Icon Sport<\/p>\n<p>Le groupe All Black : \u00ab\u00a0Holland ? il est immense, n\u2019est-ce pas ?\u00a0\u00bb<\/p>\n<p>\u00ab\u00a0Les mecs \u00e0 suivre dans ce groupe ? Je dirais le flanker Du\u2019Plessis Kirifi. C\u2019est le capitaine des Hurricanes, et un joueur tr\u00e8s agressif et qui apporte beaucoup d\u2019\u00e9nergie quand il arrive sur le terrain. C\u2019est un bon leader. Et derri\u00e8re, je dirais Timoci Tavatavanawai, le capitaine des Highlanders. Ces deux joueurs ont une influence \u00e9norme sur leurs \u00e9quipes respectives, d\u2019autant que Tavatavanawai est performant avec les Highlanders depuis deux saisons alors que cette \u00e9quipe peine \u00e0 performer. Ensuite il faut citer le deuxi\u00e8me ligne Fabian Holland\u2026 Il est immense, n\u2019est-ce pas ? Comme nous ne sommes pas un grand pays, c\u2019est difficile pour nous de trouver des joueurs de ces dimensions. Mais on a vu que malgr\u00e9 son gabarit, il se d\u00e9place tr\u00e8s bien, et encha\u00eene les t\u00e2ches. C\u2019est forc\u00e9ment un gars que l\u2019on va suivre de tr\u00e8s pr\u00e8s.\u00a0\u00bb<\/p>\n<p>Sur le fait qu\u2019il n\u2019a jamais quitt\u00e9 le pays : \u00ab\u00a0vivre loin de ma famille m\u2019aurait \u00e9t\u00e9 trop p\u00e9nible\u00a0\u00bb<\/p>\n<p>\u00ab\u00a0Ma famille a toujours \u00e9t\u00e9 au centre de ma vie et une grande partie de qui je suis. Et je ne parle pas seulement de ma femme et de mes enfants, mais aussi de mes s\u0153urs, mes parents, mes cousins\u2026 Je n\u2019aurais jamais pu d\u00e9placer tout le monde, et vivre loin d\u2019eux m\u2019aurait \u00e9t\u00e9 trop p\u00e9nible. Donc les ann\u00e9es ont pass\u00e9 et je suis rest\u00e9 au pays. Mais \u00e0 chaque fois que j\u2019ai voyag\u00e9 dans l\u2019h\u00e9misph\u00e8re nord, je trouvais des endroits o\u00f9 je me disais qu\u2019il devait \u00eatre g\u00e9nial de vivre. Le pire, c\u2019est que j\u2019ai re\u00e7u une ou deux propositions de clubs fran\u00e7ais\u2026 Je ne me souviens m\u00eame plus lesquels ! (rires) Elles \u00e9taient tr\u00e8s int\u00e9ressantes, mais encore une fois je ne me voyais pas m\u2019\u00e9loigner de ma famille. Les ann\u00e9es sont pass\u00e9es vite, m\u00eame si j\u2019ai prolong\u00e9 ma carri\u00e8re de joueur jusqu\u2019\u00e0 36 ans. C\u2019est l\u00e0 que je me suis r\u00e9veill\u00e9 et que je me suis dit qu\u2019il \u00e9tait temps pour moi de m\u2019en aller. J\u2019avais envie de passer \u00e0 l\u2019\u00e9tape suivante de ma vie. Avec tout ce que j\u2019avais pu faire gr\u00e2ce au rugby, j\u2019\u00e9tais serein. Quand je regardais en arri\u00e8re, je trouvais \u00e7a compl\u00e8tement dingue.\u00a0\u00bb<\/p>\n<p>        <img decoding=\"async\" class=\"std-img__img responsive-img\" src=\"https:\/\/www.europesays.com\/fr\/wp-content\/uploads\/2025\/07\/1752665298_863_image.jpg\" alt=\"Keven Mealamu a dirig\u00e9 le Haka des All Blacks\"\/><\/p>\n<p>                Keven Mealamu a dirig\u00e9 le Haka des All Blacks<br \/>\n                                    PictureAlliance \/ Icon Sport &#8211; PictureAlliance \/ Icon Sport<\/p>\n<p>Son incroyable long\u00e9vit\u00e9 : \u00ab\u00a0Brad Thorn a \u00e9t\u00e9 mon mod\u00e8le\u00a0\u00bb<\/p>\n<p>\u00ab\u00a0J\u2019ai r\u00e9ussi \u00e0 durer avec pas mal de boulot et de rigueur. J\u2019ai toujours pris soin de mon corps car je savais ce que je voulais accomplir sur les terrains. Et en s\u00e9lection, j\u2019ai eu la chance de rencontrer un mec qui venait du rugby \u00e0 XIII et qui m\u2019a montr\u00e9 comment on prenait soin de son corps. Ce mec, c\u2019est Brad Thorn (ancien deuxi\u00e8me ligne avec qui il fut sacr\u00e9 champion du monde en 2011, N.D.L.R.), le plus grand professionnel que j\u2019ai jamais crois\u00e9. Il prenait toujours le temps de s\u2019\u00e9tirer, il se d\u00e9verrouillait le corps avant chaque s\u00e9ance, ne buvait pas une goutte d\u2019alcool, faisait attention \u00e0 tout ce qu\u2019il mangeait\u2026 Bref, un vrai pro. Et quand tu as la chance de croiser des pros, ils t\u2019apprennent plein de choses.<\/p>\n<p>Brad m\u2019a vraiment fait comprendre l\u2019importance du stretching quotidien. C\u2019est bien d\u2019\u00eatre fort, de faire de la musculation et tout le reste. Mais si tu ne bouges pas bien, ton corps va casser. Et m\u00eame s\u2019il ne casse pas, tu n\u2019exploiteras pas correctement ta force. C\u2019est d\u2019autant plus vrai pour nous, les mecs du cinq de devant : on se retrouve dans des positions extr\u00eamement contraignantes, avec des forces immenses qui s\u2019appliquent \u00e0 nous. On doit d\u00e9velopper et entretenir notre souplesse, s\u2019\u00e9tirer et faire de la mobilit\u00e9 quotidiennement. Mais vous savez, les joueurs professionnels ne se comportent pas tous comme des professionnels. Brad Thorn en \u00e9tait un, et il a \u00e9t\u00e9 mon mod\u00e8le.\u00a0\u00bb<\/p>\n<p>        <img decoding=\"async\" class=\"std-img__img responsive-img\" src=\"https:\/\/www.europesays.com\/fr\/wp-content\/uploads\/2025\/07\/1752665298_844_image.jpg\" alt=\"Keven Mealamu a remport\u00e9 la Coupe du monde avec les All Blacks\"\/><\/p>\n<p>                Keven Mealamu a remport\u00e9 la Coupe du monde avec les All Blacks<br \/>\n                                    SPI \/ Icon Sport<\/p>\n<p>L\u2019apr\u00e8s-carri\u00e8re : \u00ab\u00a0Je ne voulais pas devenir rond comme une barrique !\u00a0\u00bb<\/p>\n<p>\u00ab\u00a0Ce que je deviens ? Je travaille en famille ! J\u2019ai deux affaires : je poss\u00e8de une salle de sport, et je travaille dans le domaine des assurances avec ma femme. Je m\u2019entra\u00eene encore quotidiennement car quand j\u2019ai arr\u00eat\u00e9, d\u2019anciens All Blacks m\u2019ont conseill\u00e9 de continuer \u00e0 bouger. Et comme je ne voulais pas devenir rond comme une barrique, je les ai \u00e9cout\u00e9s donc je commence toujours la journ\u00e9e par une bonne s\u00e9ance de sport. En revanche, je ne me vois pas devenir entra\u00eeneur. Cela dit, j\u2019ai r\u00e9cemment pris des fonctions au sein de la f\u00e9d\u00e9ration n\u00e9o-z\u00e9landaise. Une fois ma carri\u00e8re termin\u00e9e, je me suis investi au sein de la province d\u2019Auckland. J\u2019aime \u00eatre sur le terrain avec une \u00e9quipe, mais je suis encore plus int\u00e9ress\u00e9 par la gouvernance, pour participer au d\u00e9veloppement de notre sport, prendre soin des clubs, les visiter, planifier de fa\u00e7on strat\u00e9gique le d\u00e9veloppement des joueurs vers le plus haut niveau, etc. Maintenant, je fais ce boulot pour la f\u00e9d\u00e9ration, partant du rugby des plus petits clubs jusqu\u2019aux s\u00e9lections nationales et cela me pla\u00eet \u00e9norm\u00e9ment. Mes semaines sont bien charg\u00e9es avec mes enfants, mais j\u2019adore ce que je fais. Le week-end, il m\u2019arrive d\u2019aller supporter le club de mon grand fr\u00e8re Luke, qui est devenu pr\u00e9sident de Papatoetoe.\u00a0\u00bb<\/p>\n<p>    Digest<\/p>\n<p><strong>N\u00e9 le : <\/strong>20 mars 1979 \u00e0 Tokoroa (Nouvelle-Z\u00e9lande)<\/p>\n<p><strong>Mensurations : <\/strong>1,81m ; 111 kg<\/p>\n<p><strong>Poste : <\/strong>Talonneur<\/p>\n<p><strong>Clubs successifs :<\/strong> Auckland (1999-2015), Auckland Blues (1999-2002), Chiefs (2002), Auckland Blues (2003-2015)<\/p>\n<p><strong>S\u00e9lections nationales : <\/strong>132 avec la Nouvelle-Z\u00e9lande (2002-2015)<\/p>\n<p><strong>1er match en s\u00e9lection :<\/strong> \u00e0 Cardiff, le 23 novembre 2002, Pays de Galles &#8211; Nouvelle-Z\u00e9lande (17-43)<\/p>\n<p><strong>Points en s\u00e9lection :<\/strong> 60<\/p>\n<p><strong>Palmar\u00e8s :<\/strong> double champion du monde (2011 et 2015), vainqueur du Tri-Nations (2003, 2005, 2006, 2007, 2008 et 2010), vainqueur du Rugby Championship (2012, 2013 et 2014), vainqueur du Super 12 avec les Auckland Blues (2003).<\/p>\n","protected":false},"excerpt":{"rendered":"Keven Mealamu &#8211; ex-talonneur des All Blacks. Aussi rare dans les m\u00e9dias qu\u2019il \u00e9tait redoutable sur le terrain,&hellip;\n","protected":false},"author":2,"featured_media":251176,"comment_status":"","ping_status":"","sticky":false,"template":"","format":"standard","meta":{"footnotes":""},"categories":[1416],"tags":[1011,27,479,1468,60],"class_list":{"0":"post-251175","1":"post","2":"type-post","3":"status-publish","4":"format-standard","5":"has-post-thumbnail","7":"category-rugby","8":"tag-fr","9":"tag-france","10":"tag-rugby","11":"tag-rugby-football","12":"tag-sports"},"share_on_mastodon":{"url":"https:\/\/pubeurope.com\/@fr\/114862680192706325","error":""},"_links":{"self":[{"href":"https:\/\/www.europesays.com\/fr\/wp-json\/wp\/v2\/posts\/251175","targetHints":{"allow":["GET"]}}],"collection":[{"href":"https:\/\/www.europesays.com\/fr\/wp-json\/wp\/v2\/posts"}],"about":[{"href":"https:\/\/www.europesays.com\/fr\/wp-json\/wp\/v2\/types\/post"}],"author":[{"embeddable":true,"href":"https:\/\/www.europesays.com\/fr\/wp-json\/wp\/v2\/users\/2"}],"replies":[{"embeddable":true,"href":"https:\/\/www.europesays.com\/fr\/wp-json\/wp\/v2\/comments?post=251175"}],"version-history":[{"count":0,"href":"https:\/\/www.europesays.com\/fr\/wp-json\/wp\/v2\/posts\/251175\/revisions"}],"wp:featuredmedia":[{"embeddable":true,"href":"https:\/\/www.europesays.com\/fr\/wp-json\/wp\/v2\/media\/251176"}],"wp:attachment":[{"href":"https:\/\/www.europesays.com\/fr\/wp-json\/wp\/v2\/media?parent=251175"}],"wp:term":[{"taxonomy":"category","embeddable":true,"href":"https:\/\/www.europesays.com\/fr\/wp-json\/wp\/v2\/categories?post=251175"},{"taxonomy":"post_tag","embeddable":true,"href":"https:\/\/www.europesays.com\/fr\/wp-json\/wp\/v2\/tags?post=251175"}],"curies":[{"name":"wp","href":"https:\/\/api.w.org\/{rel}","templated":true}]}}