{"id":251177,"date":"2025-07-16T11:29:16","date_gmt":"2025-07-16T11:29:16","guid":{"rendered":"https:\/\/www.europesays.com\/fr\/251177\/"},"modified":"2025-07-16T11:29:16","modified_gmt":"2025-07-16T11:29:16","slug":"atp-gstaad-stan-wawrinka-apres-sa-defaite-au-1er-tour-on-approche-de-toute-facon-de-la-fin-dune-carriere-je-ne-vais-pas-me-trouver-des-excuses-la-confiance-et-la-tete-netaient-pas-la-du","status":"publish","type":"post","link":"https:\/\/www.europesays.com\/fr\/251177\/","title":{"rendered":"ATP &#8211; Gstaad > Stan Wawrinka, apr\u00e8s sa d\u00e9faite au 1er tour : \u00ab\u00a0On approche de toute fa\u00e7on de la fin d&rsquo;une carri\u00e8re. Je ne vais pas me trouver des excuses&#8230; La confiance et la t\u00eate n&rsquo;\u00e9taient pas l\u00e0 du tout\u00a0\u00bb"},"content":{"rendered":"<p>S\u2019il a d\u00e9croch\u00e9 quelques victoires sur le circuit Challenger, Stanislas Wawrinka n\u2019a remport\u00e9 qu\u2019un seul match sur le circuit prin\u00adcipal en 2025, \u00e0 Bucarest d\u00e9but\u00a0avril.\u00a0<\/p>\n<p>Battu par Alexander Shevchenko (101e mondial) au premier tour de l\u2019ATP 250 de Gstaad en Suisse (6\u22123, 6\u20132), le Lausannois de 40 ans, d\u00e9sor\u00admais 156e mondial, n\u2019a pas cach\u00e9 sa d\u00e9cep\u00adtion au micro de la <a href=\"https:\/\/www.rts.ch\/sport\/tennis\/2025\/article\/stan-wawrinka-elimine-au-1er-tour-du-tournoi-atp-de-gstaad-28944163.html\" data-wpel-link=\"external\" target=\"_blank\" rel=\"nofollow external noopener\">RTS<\/a>. <\/p>\n<p><strong>\u00ab\u202fJ\u2019ai eu pas mal d\u2019oc\u00adca\u00adsions au d\u00e9but. Malheureusement, je n\u2019ai pas r\u00e9ussi \u00e0 faire le break. Je me suis mis sous pres\u00adsion tout seul. D\u00e8s qu\u2019on est h\u00e9si\u00adtant dans son jeu, cela devient tr\u00e8s compliqu\u00e9\u2026 On approche de toute fa\u00e7on de la fin d\u2019une carri\u00e8re. Je ne vais pas me trouver des excuses. Je prends 6\u20133 6\u20132\u2026 La confiance et la t\u00eate n\u2019\u00e9taient pas l\u00e0 du\u00a0tout\u202f\u00bb<\/strong><\/p>\n<p class=\"post-published-date\" style=\"color: silver; font-size: 75%; text-align: left;\">Publi\u00e9 le mercredi 16 juillet 2025 \u00e0 11:41<\/p>\n","protected":false},"excerpt":{"rendered":"S\u2019il a d\u00e9croch\u00e9 quelques victoires sur le circuit Challenger, Stanislas Wawrinka n\u2019a remport\u00e9 qu\u2019un seul match sur le&hellip;\n","protected":false},"author":2,"featured_media":251178,"comment_status":"","ping_status":"","sticky":false,"template":"","format":"standard","meta":{"footnotes":""},"categories":[1415],"tags":[1011,27,60,1754,1467],"class_list":{"0":"post-251177","1":"post","2":"type-post","3":"status-publish","4":"format-standard","5":"has-post-thumbnail","7":"category-tennis","8":"tag-fr","9":"tag-france","10":"tag-sports","11":"tag-stan-wawrinka","12":"tag-tennis"},"share_on_mastodon":{"url":"https:\/\/pubeurope.com\/@fr\/114862683731876609","error":""},"_links":{"self":[{"href":"https:\/\/www.europesays.com\/fr\/wp-json\/wp\/v2\/posts\/251177","targetHints":{"allow":["GET"]}}],"collection":[{"href":"https:\/\/www.europesays.com\/fr\/wp-json\/wp\/v2\/posts"}],"about":[{"href":"https:\/\/www.europesays.com\/fr\/wp-json\/wp\/v2\/types\/post"}],"author":[{"embeddable":true,"href":"https:\/\/www.europesays.com\/fr\/wp-json\/wp\/v2\/users\/2"}],"replies":[{"embeddable":true,"href":"https:\/\/www.europesays.com\/fr\/wp-json\/wp\/v2\/comments?post=251177"}],"version-history":[{"count":0,"href":"https:\/\/www.europesays.com\/fr\/wp-json\/wp\/v2\/posts\/251177\/revisions"}],"wp:featuredmedia":[{"embeddable":true,"href":"https:\/\/www.europesays.com\/fr\/wp-json\/wp\/v2\/media\/251178"}],"wp:attachment":[{"href":"https:\/\/www.europesays.com\/fr\/wp-json\/wp\/v2\/media?parent=251177"}],"wp:term":[{"taxonomy":"category","embeddable":true,"href":"https:\/\/www.europesays.com\/fr\/wp-json\/wp\/v2\/categories?post=251177"},{"taxonomy":"post_tag","embeddable":true,"href":"https:\/\/www.europesays.com\/fr\/wp-json\/wp\/v2\/tags?post=251177"}],"curies":[{"name":"wp","href":"https:\/\/api.w.org\/{rel}","templated":true}]}}