{"id":251179,"date":"2025-07-16T11:31:12","date_gmt":"2025-07-16T11:31:12","guid":{"rendered":"https:\/\/www.europesays.com\/fr\/251179\/"},"modified":"2025-07-16T11:31:12","modified_gmt":"2025-07-16T11:31:12","slug":"motogp-allemagne-j3-debriefing-francesco-bagnaia-ducati-3-je-suis-heureux-mais-pas-totalement-etc-integralite","status":"publish","type":"post","link":"https:\/\/www.europesays.com\/fr\/251179\/","title":{"rendered":"MotoGP, Allemagne J3, D\u00e9briefing Francesco Bagnaia (Ducati\/3) : \u00ab Je suis heureux, mais pas totalement \u00bb, etc. (Int\u00e9gralit\u00e9)"},"content":{"rendered":"<p><strong>Cette conf\u00e9rence de presse du<\/strong><strong> Grand Prix<\/strong><strong> d\u2019Allemagne <\/strong><strong><a href=\"https:\/\/www.motogp.com\/\" target=\"_blank\" rel=\"noopener nofollow\">MotoGP<\/a><\/strong><strong> 2025 <\/strong><strong>a r\u00e9uni au Sachsenring <a href=\"https:\/\/www.paddock-gp.com\/?s=marc+marquez\" target=\"_blank\" rel=\"noopener nofollow\">Marc Marquez<\/a>, <a href=\"https:\/\/www.paddock-gp.com\/?s=alex+marquez\" target=\"_blank\" rel=\"noopener nofollow\">Alex Marquez<\/a>\u00a0et <a href=\"https:\/\/www.paddock-gp.com\/?s=giannantonio\" target=\"_blank\" rel=\"noopener nofollow\">Francesco Bagnaia <\/a><\/strong><strong>pour leur d\u00e9briefing, apr\u00e8s un nouveau week-end parfait du #93 qui a remport\u00e9 la pole position, le Sprint et le GP.<\/strong><\/p>\n<p><strong>Francesco Bagnaia<\/strong> a termin\u00e9 troisi\u00e8me, d\u00e9crochant ainsi son septi\u00e8me podium cette ann\u00e9e et son troisi\u00e8me en trois Grands Prix cons\u00e9cutifs au Sachsenring. Il occupe d\u00e9sormais la troisi\u00e8me place du championnat avec 197 points de retard sur <strong>Marc Marquez<\/strong>, 64 sur <strong>Alex Marquez<\/strong>.<\/p>\n<p><strong><a href=\"https:\/\/www.paddock-gp.com\/?s=int%C3%A9gralit%C3%A9\" target=\"_blank\" rel=\"noopener nofollow\">Comme \u00e0 notre habitude<\/a><\/strong>, nous reportons ici en int\u00e9gralit\u00e9 les paroles de ce dernier, sans la moindre mise en forme, m\u00eame si cela est traduit de l\u2019anglais.<\/p>\n<p><strong>\ud83c\udfa4 Bonjour \u00e0 tous, Mesdames et Messieurs. Vous vous joignez \u00e0 nous pour la conf\u00e9rence de presse d\u2019apr\u00e8s-course du dimanche, \u00e0 l\u2019issue du Grand Prix Liqui Moly d\u2019Allemagne ici au Sachsenring. Quel week-end pour celui qui est incontestablement le roi du Sachsenring. Il est de retour au sommet : Marc M\u00e1rquez, pilote du team Ducati Lenovo. Marc f\u00eate son 200\u1d49 week-end en MotoGP avec une pole position dans la Sprint, une victoire dans la Sprint, et une nouvelle victoire aujourd\u2019hui dans ce Grand Prix de 30 tours. F\u00e9licitations encore une fois Marc !<\/strong><br \/><strong>En deuxi\u00e8me position, apr\u00e8s un superbe combat : Alex M\u00e1rquez, pilote du team BK8 Gresini Racing, seulement deux semaines apr\u00e8s s\u2019\u00eatre fractur\u00e9 un os de la main gauche. Une performance sensationnelle.<\/strong><br data-start=\"888\" data-end=\"891\"\/><strong>Et pour compl\u00e9ter un nouveau tripl\u00e9 Ducati sur le podium : Pecco Bagnaia, pilote Ducati Lenovo.<\/strong><br data-start=\"986\" data-end=\"989\"\/><strong>Messieurs, f\u00e9licitations \u00e0 vous trois !<\/strong><\/p>\n<p data-start=\"45\" data-end=\"278\"><strong data-start=\"45\" data-end=\"278\">\ud83c\udfa4 Pecco, c\u2019\u00e9tait clairement une course de survie. Nous avons vu tellement de pilotes sortir de la course \u00e0 cause de chutes, mais vous avez tenu bon et vous \u00eates sur le podium. Comment s\u2019est pass\u00e9e votre journ\u00e9e ici au Sachsenring ?<br \/>Francesco Bagnaia<\/strong> : \u00ab Honn\u00eatement, quand vous partez de la quatri\u00e8me ligne sur la grille, vous devez simplement \u00eatre content si vous terminez sur le podium. Donc je suis satisfait, je suis heureux, mais pas totalement, parce que je sais que je termine plus ou moins toujours \u00e0 la troisi\u00e8me place. Je pense que le potentiel est l\u00e0 pour faire mieux, et j\u2019ai encore une fois essay\u00e9 de donner le maximum, mais chaque fois que je me rapprochais \u00e0 0,5 ou 0,6 seconde, je restais bloqu\u00e9 \u00e0 cet \u00e9cart.<br \/>C\u2019est vrai que c\u2019est \u00e0 peu pr\u00e8s toujours comme \u00e7a, mais je pense que nous faisons du tr\u00e8s bon travail. Sur les trois derniers Grands Prix, nous avons fait un pas en avant et nous devons juste rester concentr\u00e9s, continuer \u00e0 travailler dans ce sens, et les r\u00e9sultats viendront, je pense. Alex fait un travail fantastique. Il \u00e9tait bless\u00e9, et g\u00e9rer 30 tours sur ce circuit, enti\u00e8rement \u00e0 gauche, ce n\u2019est pas facile. J\u2019ai essay\u00e9 de le pousser un peu, mais je n\u2019\u00e9tais pas assez rapide pour vraiment me rapprocher.<br \/>Et \u00e0 part Marc, aujourd\u2019hui c\u2019\u00e9tait une course tr\u00e8s intense, parce que nous \u00e9tions quatre pilotes avec le m\u00eame rythme : moi, Diggia, Alex et Bez. C\u2019\u00e9tait assez compliqu\u00e9 \u00e0 ce moment-l\u00e0 parce que nous poussions tous pour nous rapprocher, mais mon avant n\u2019\u00e9tait pas tr\u00e8s stable, c\u2019\u00e9tait pi\u00e9geux. Terminer la course aujourd\u2019hui \u00e9tait important, et je suis assez content. \u00bb<\/p>\n<p data-start=\"57\" data-end=\"229\"><strong data-start=\"57\" data-end=\"229\">\ud83c\udfa4 Alex vient de mentionner \u00e0 quel point le vent arri\u00e8re \u00e9tait d\u00e9licat au freinage dans le premier virage. \u00c0 quel point cela a-t-il \u00e9t\u00e9 difficile \u00e0 g\u00e9rer pour vous aussi ?<br \/><\/strong><strong data-start=\"45\" data-end=\"278\">Francesco Bagnaia<\/strong> : \u00ab J\u2019ai ressenti la m\u00eame chose. Le vent arri\u00e8re se faisait \u00e9galement sentir dans le virage 10. On sentait que le vent poussait un peu, et le fait que la piste ait \u00e9t\u00e9 compl\u00e8tement nettoy\u00e9e par la pluie d\u2019hier n\u2019a pas aid\u00e9. Je m\u2019attendais \u00e0 un peu plus de rythme aujourd\u2019hui, mais apr\u00e8s la pluie d\u2019hier et celle de ce matin, il \u00e9tait difficile de rester dans les petits 1\u201921.\u201d<\/p>\n<p data-start=\"57\" data-end=\"229\"><strong>\ud83c\udfa4 \u00c9videmment, ce week-end, il y avait beaucoup de monde, une excellente ambiance et tout ce qui va avec. Mais nous avons aussi vu de nombreuses motos heurter les barri\u00e8res, plusieurs gros accidents. Pensez-vous qu\u2019il faudrait apporter des modifications en mati\u00e8re de s\u00e9curit\u00e9 si nous continuons \u00e0 venir courir ici ?<br \/><\/strong><strong data-start=\"45\" data-end=\"278\">Francesco Bagnaia<\/strong> : \u00ab Oui, il n\u2019y a pas grand-chose \u00e0 ajouter. C\u2019est vrai que nous augmentons toujours un peu la vitesse, donc les motos sont plus rapides, alors que les circuits restent les m\u00eames. Il est donc difficile d\u2019\u00eatre toujours dans les limites en termes de s\u00e9curit\u00e9. C\u2019est vrai qu\u2019ils travaillent beaucoup sur les circuits, ils essaient de mieux g\u00e9rer \u00e0 Jerez, qui est celui o\u00f9 il est le plus facile d\u2019arriver jusqu\u2019au mur. Mais s\u2019ils font la m\u00eame chose sur tous les anciens circuits, nous pourrons \u00eatre beaucoup plus en s\u00e9curit\u00e9. \u00bb<\/p>\n<p><img loading=\"lazy\" decoding=\"async\" class=\"aligncenter size-full wp-image-1310886\" src=\"https:\/\/www.europesays.com\/fr\/wp-content\/uploads\/2025\/07\/bagnaia1.jpg\" alt=\"\" width=\"799\" height=\"533\"  \/> <img loading=\"lazy\" decoding=\"async\" class=\"aligncenter size-full wp-image-1310889\" src=\"https:\/\/www.europesays.com\/fr\/wp-content\/uploads\/2025\/07\/bagnaia2-1.jpg\" alt=\"\" width=\"799\" height=\"533\"  \/><\/p>\n<p><strong>R\u00e9sultats du Grand Prix d\u2019Allemagne MotoGP 2025 :<\/strong><\/p>\n<p><img loading=\"lazy\" decoding=\"async\" class=\"aligncenter size-full wp-image-1309909\" src=\"https:\/\/www.europesays.com\/fr\/wp-content\/uploads\/2025\/07\/gp.jpg\" alt=\"\" width=\"800\" height=\"783\"  \/><\/p>\n<p><strong>Cr\u00e9dit classement :\u00a0<a href=\"https:\/\/www.motogp.com\/fr\/live+timing\/data-timing\/standing\" target=\"_blank\" rel=\"noopener nofollow\">MotoGP.com<\/a><\/strong><\/p>\n<p>MotoGP Allemagne D\u00e9briefing Francesco Bagnaia MotoGP Allemagne D\u00e9briefing Francesco Bagnaia MotoGP Allemagne D\u00e9briefing Francesco Bagnaia MotoGP Allemagne D\u00e9briefing Francesco Bagnaia<\/p>\n","protected":false},"excerpt":{"rendered":"Cette conf\u00e9rence de presse du Grand Prix d\u2019Allemagne MotoGP 2025 a r\u00e9uni au Sachsenring Marc Marquez, Alex Marquez\u00a0et&hellip;\n","protected":false},"author":2,"featured_media":251180,"comment_status":"","ping_status":"","sticky":false,"template":"","format":"standard","meta":{"footnotes":""},"categories":[1413],"tags":[1011,27,1457,1456,60],"class_list":{"0":"post-251179","1":"post","2":"type-post","3":"status-publish","4":"format-standard","5":"has-post-thumbnail","7":"category-moto","8":"tag-fr","9":"tag-france","10":"tag-moto","11":"tag-motocycle","12":"tag-sports"},"share_on_mastodon":{"url":"https:\/\/pubeurope.com\/@fr\/114862691855138075","error":""},"_links":{"self":[{"href":"https:\/\/www.europesays.com\/fr\/wp-json\/wp\/v2\/posts\/251179","targetHints":{"allow":["GET"]}}],"collection":[{"href":"https:\/\/www.europesays.com\/fr\/wp-json\/wp\/v2\/posts"}],"about":[{"href":"https:\/\/www.europesays.com\/fr\/wp-json\/wp\/v2\/types\/post"}],"author":[{"embeddable":true,"href":"https:\/\/www.europesays.com\/fr\/wp-json\/wp\/v2\/users\/2"}],"replies":[{"embeddable":true,"href":"https:\/\/www.europesays.com\/fr\/wp-json\/wp\/v2\/comments?post=251179"}],"version-history":[{"count":0,"href":"https:\/\/www.europesays.com\/fr\/wp-json\/wp\/v2\/posts\/251179\/revisions"}],"wp:featuredmedia":[{"embeddable":true,"href":"https:\/\/www.europesays.com\/fr\/wp-json\/wp\/v2\/media\/251180"}],"wp:attachment":[{"href":"https:\/\/www.europesays.com\/fr\/wp-json\/wp\/v2\/media?parent=251179"}],"wp:term":[{"taxonomy":"category","embeddable":true,"href":"https:\/\/www.europesays.com\/fr\/wp-json\/wp\/v2\/categories?post=251179"},{"taxonomy":"post_tag","embeddable":true,"href":"https:\/\/www.europesays.com\/fr\/wp-json\/wp\/v2\/tags?post=251179"}],"curies":[{"name":"wp","href":"https:\/\/api.w.org\/{rel}","templated":true}]}}