{"id":251181,"date":"2025-07-16T11:32:11","date_gmt":"2025-07-16T11:32:11","guid":{"rendered":"https:\/\/www.europesays.com\/fr\/251181\/"},"modified":"2025-07-16T11:32:11","modified_gmt":"2025-07-16T11:32:11","slug":"george-russell-bienvenue-a-bord-de-son-nouveau-yacht-a-25-me","status":"publish","type":"post","link":"https:\/\/www.europesays.com\/fr\/251181\/","title":{"rendered":"George Russell. Bienvenue \u00e0 bord de son nouveau yacht \u00e0 2,5 M\u20ac"},"content":{"rendered":"<p><img fetchpriority=\"high\" decoding=\"async\" width=\"620\" height=\"413\" src=\"https:\/\/www.europesays.com\/fr\/wp-content\/uploads\/2025\/07\/George-Russell-yacht-620x413.jpg\" alt=\"George Russell. Bienvenue \u00e0 bord de son nouveau yacht \u00e0 2,5 M\u20ac\" class=\"wp-image-373273\"  \/>Cet \u00e9t\u00e9, George Russell prend le large.<\/p>\n<p>C\u2019est un achat de saison. Le pilote de F1, George Russell, a fait l\u2019acquisition d\u2019un yacht Pershing 6X d\u2019une valeur de 2,5 millions d\u2019euros d\u2019apr\u00e8s des informations crois\u00e9es de la presse anglaise. L\u2019embarcation de 62 pieds peut accueillir jusqu\u2019\u00e0 14 invit\u00e9s et offre au pilote Mercedes un espace de d\u00e9tente luxueux.<\/p>\n<p>\t\tA bord du nouveau yacht \u00e0 2,5 M\u20ac de George Russell<\/p>\n<p>\t\t<a href=\"https:\/\/www.europesays.com\/fr\/wp-content\/uploads\/2025\/07\/Russell-yacht.jpg\" title=\" \" data-src=\"https:\/\/www.europesays.com\/fr\/wp-content\/uploads\/2025\/07\/Russell-yacht.jpg\" data-thumbnail=\"https:\/\/sportune.20minutes.fr\/wp-content\/gallery\/george-russell-yacht-pershing-6x\/thumbs\/thumbs_Russell-yacht.jpg\" data-image-id=\"14187\" data-title=\"A bord du nouveau yacht \u00e0 2,5 M\u20ac de George Russell\" data-description=\" \" class=\"shutterset_f71a553bcaf7ac0dd4ec5a2a1d8c2aa5\"><br \/>\n\t\t\t<img decoding=\"async\" title=\"A bord du nouveau yacht \u00e0 2,5 M\u20ac de George Russell\" alt=\"A bord du nouveau yacht \u00e0 2,5 M\u20ac de George Russell\" src=\"https:\/\/www.europesays.com\/fr\/wp-content\/uploads\/2025\/07\/Russell-yacht.jpg\" class=\"lazyload\"\/><br \/>\n\t\t<\/a><\/p>\n<p>Pour son plaisir personnel ou des sorties \u00e0 plusieurs<\/p>\n<p>Le yacht est \u00e9quip\u00e9 de deux moteurs MAN V12 de 1550 chevaux, lui permettant d\u2019atteindre une vitesse maximale de 48 n\u0153uds. Le pont sup\u00e9rieur dispose d\u2019un vaste espace de relaxation avec un grand salon et une terrasse spacieuse. L\u2019am\u00e9nagement int\u00e9rieur comprend une suite parentale avec salle de bains privative, une chambre d\u2019invit\u00e9s \u00e9quip\u00e9e d\u2019un lit double et d\u2019un grand miroir, ainsi qu\u2019une troisi\u00e8me chambre avec deux lits simples.<\/p>\n<p>Le yacht int\u00e8gre \u00e9galement une cuisine compacte pour les repas \u00e0 bord et un garage int\u00e9gr\u00e9 pouvant abriter un jet-ski. Ces \u00e9quipements compl\u00e8tent l\u2019offre de loisirs nautiques de l\u2019embarcation. Cette acquisition s\u2019inscrit dans les investissements personnels du pilote de 26 ans, qui \u00e9volue actuellement avec l\u2019\u00e9curie Mercedes en Formule 1. Le Pershing 6X repr\u00e9sente un mod\u00e8le haut de gamme dans la cat\u00e9gorie des yachts de plaisance.<\/p>\n","protected":false},"excerpt":{"rendered":"Cet \u00e9t\u00e9, George Russell prend le large. C\u2019est un achat de saison. Le pilote de F1, George Russell,&hellip;\n","protected":false},"author":2,"featured_media":251182,"comment_status":"","ping_status":"","sticky":false,"template":"","format":"standard","meta":{"footnotes":""},"categories":[1412],"tags":[1451,1452,1453,1454,1455,1011,27,9124,60,21075],"class_list":{"0":"post-251181","1":"post","2":"type-post","3":"status-publish","4":"format-standard","5":"has-post-thumbnail","7":"category-f1","8":"tag-f1","9":"tag-formula-1","10":"tag-formula1","11":"tag-formule-1","12":"tag-formule1","13":"tag-fr","14":"tag-france","15":"tag-george-russell","16":"tag-sports","17":"tag-yacht"},"share_on_mastodon":{"url":"https:\/\/pubeurope.com\/@fr\/114862695780299302","error":""},"_links":{"self":[{"href":"https:\/\/www.europesays.com\/fr\/wp-json\/wp\/v2\/posts\/251181","targetHints":{"allow":["GET"]}}],"collection":[{"href":"https:\/\/www.europesays.com\/fr\/wp-json\/wp\/v2\/posts"}],"about":[{"href":"https:\/\/www.europesays.com\/fr\/wp-json\/wp\/v2\/types\/post"}],"author":[{"embeddable":true,"href":"https:\/\/www.europesays.com\/fr\/wp-json\/wp\/v2\/users\/2"}],"replies":[{"embeddable":true,"href":"https:\/\/www.europesays.com\/fr\/wp-json\/wp\/v2\/comments?post=251181"}],"version-history":[{"count":0,"href":"https:\/\/www.europesays.com\/fr\/wp-json\/wp\/v2\/posts\/251181\/revisions"}],"wp:featuredmedia":[{"embeddable":true,"href":"https:\/\/www.europesays.com\/fr\/wp-json\/wp\/v2\/media\/251182"}],"wp:attachment":[{"href":"https:\/\/www.europesays.com\/fr\/wp-json\/wp\/v2\/media?parent=251181"}],"wp:term":[{"taxonomy":"category","embeddable":true,"href":"https:\/\/www.europesays.com\/fr\/wp-json\/wp\/v2\/categories?post=251181"},{"taxonomy":"post_tag","embeddable":true,"href":"https:\/\/www.europesays.com\/fr\/wp-json\/wp\/v2\/tags?post=251181"}],"curies":[{"name":"wp","href":"https:\/\/api.w.org\/{rel}","templated":true}]}}