{"id":251189,"date":"2025-07-16T11:36:15","date_gmt":"2025-07-16T11:36:15","guid":{"rendered":"https:\/\/www.europesays.com\/fr\/251189\/"},"modified":"2025-07-16T11:36:15","modified_gmt":"2025-07-16T11:36:15","slug":"yssingeaux-des-photographes-posent-un-regard-sur-le-temps","status":"publish","type":"post","link":"https:\/\/www.europesays.com\/fr\/251189\/","title":{"rendered":"Yssingeaux : des photographes posent un regard sur le temps"},"content":{"rendered":"<p>\t\t\t\t\t\t\t\t\t\t\t\t\t\t\t\t\t\t\t\t\t\t\t\t\t\t\t\t\t\t\t\t\t\t\t\t\t\t\t\t\t\t\t\t\t\t\t\t\t\t\t\t\t\t\t\t\t\t\t\t\t\t\t<a href=\"https:\/\/www.lacommere43.fr\/component\/banners\/click\/1798.html\" target=\"_blank\" title=\"HPV escape game juillet 2025\" rel=\"noopener\"><br \/>\n\t\t\t\t\t\t\t<img decoding=\"async\" src=\"https:\/\/www.europesays.com\/fr\/wp-content\/uploads\/2025\/07\/pub_la_Commre_-_enquete.gif\" alt=\"HPV escape game juillet 2025\"\/><br \/>\n\t\t\t\t\t\t<\/a><\/p>\n<p><strong>Jusqu&rsquo;au 10 ao\u00fbt, sept photographes et une c\u00e9ramiste posent leur regard sur le temps \u00e0 travers une exposition dans la salle Dorcas \u00e0 la mairie d&rsquo;Yssingeaux.<\/strong><\/p>\n<p>Fabienne Laurenson, G\u00e9rard Lebaron, Marie-Annick Blondel, Florence Richard, Ga\u00ebl Passemard, Cl\u00e9ment Paturel, Racchaela Kamps (photographes) et Joan Carras (c\u00e9ramique) exposent depuis mardi et jusqu&rsquo;au 10 ao\u00fbt. L&rsquo;expo est \u00e0 voir le mardi et mercredi de 15 heures \u00e0 18 heures, le jeudi de 9 heures \u00e0 12 heures et de 15 heures \u00e0 18 heures, le vendredi de 15 heures \u00e0 20 heures, le samedi de 10 heures \u00e0 12 heures et de 15 heures \u00e0 20 heures et le dimanche de 10 heures \u00e0 12 heures et de 15 heures \u00e0 18 heures.<\/p>\n<p>Ces photographes yssingelais et altilig\u00e9riens pr\u00e9sent chacun une fa\u00e7on de poser un regard sur le temps, \u00e0 travers les saisons, les paysages, la faune, la flore, les silhouettes. Une \u00f4de aux paysages des sucs et de la Haute-Loire.<\/p>\n","protected":false},"excerpt":{"rendered":"Jusqu&rsquo;au 10 ao\u00fbt, sept photographes et une c\u00e9ramiste posent leur regard sur le temps \u00e0 travers une exposition&hellip;\n","protected":false},"author":2,"featured_media":251190,"comment_status":"","ping_status":"","sticky":false,"template":"","format":"standard","meta":{"footnotes":""},"categories":[1358],"tags":[2281,1348,1384,1385,1386,58,59,2282,1011,27,2280,2284,2285,2283],"class_list":{"0":"post-251189","1":"post","2":"type-post","3":"status-publish","4":"format-standard","5":"has-post-thumbnail","7":"category-arts-et-design","8":"tag-actualite-43","9":"tag-arts","10":"tag-arts-and-design","11":"tag-arts-et-design","12":"tag-design","13":"tag-divertissement","14":"tag-entertainment","15":"tag-faits-divers-auvergne","16":"tag-fr","17":"tag-france","18":"tag-information-haute-loire","19":"tag-infos-43","20":"tag-journal-haute-loire","21":"tag-la-commere-43"},"share_on_mastodon":{"url":"https:\/\/pubeurope.com\/@fr\/114862712281593734","error":""},"_links":{"self":[{"href":"https:\/\/www.europesays.com\/fr\/wp-json\/wp\/v2\/posts\/251189","targetHints":{"allow":["GET"]}}],"collection":[{"href":"https:\/\/www.europesays.com\/fr\/wp-json\/wp\/v2\/posts"}],"about":[{"href":"https:\/\/www.europesays.com\/fr\/wp-json\/wp\/v2\/types\/post"}],"author":[{"embeddable":true,"href":"https:\/\/www.europesays.com\/fr\/wp-json\/wp\/v2\/users\/2"}],"replies":[{"embeddable":true,"href":"https:\/\/www.europesays.com\/fr\/wp-json\/wp\/v2\/comments?post=251189"}],"version-history":[{"count":0,"href":"https:\/\/www.europesays.com\/fr\/wp-json\/wp\/v2\/posts\/251189\/revisions"}],"wp:featuredmedia":[{"embeddable":true,"href":"https:\/\/www.europesays.com\/fr\/wp-json\/wp\/v2\/media\/251190"}],"wp:attachment":[{"href":"https:\/\/www.europesays.com\/fr\/wp-json\/wp\/v2\/media?parent=251189"}],"wp:term":[{"taxonomy":"category","embeddable":true,"href":"https:\/\/www.europesays.com\/fr\/wp-json\/wp\/v2\/categories?post=251189"},{"taxonomy":"post_tag","embeddable":true,"href":"https:\/\/www.europesays.com\/fr\/wp-json\/wp\/v2\/tags?post=251189"}],"curies":[{"name":"wp","href":"https:\/\/api.w.org\/{rel}","templated":true}]}}