{"id":251203,"date":"2025-07-16T11:43:10","date_gmt":"2025-07-16T11:43:10","guid":{"rendered":"https:\/\/www.europesays.com\/fr\/251203\/"},"modified":"2025-07-16T11:43:10","modified_gmt":"2025-07-16T11:43:10","slug":"jamel-debbouze-son-marrakech-du-rire-a-disparu-kev-adams-compte-bien-lui-voler-la-vedette","status":"publish","type":"post","link":"https:\/\/www.europesays.com\/fr\/251203\/","title":{"rendered":"Jamel Debbouze : son \u00ab\u00a0Marrakech du rire\u00a0\u00bb a disparu, Kev Adams compte bien lui voler la vedette"},"content":{"rendered":"<p>      R\u00e9sum\u00e9<\/p>\n<p>Kev Adams a lanc\u00e9 \u00ab L&rsquo;humour \u00e0 la plage \u00bb \u00e0 Juan-les-Pins, un festival d&rsquo;humour estival m\u00ealant des influences marquantes, visant \u00e0 devenir un \u00e9v\u00e9nement incontournable.<\/p>\n<p>        Sommaire<\/p>\n<p>Ce mardi 15 juillet 2025, TF1 diffusait <strong>L&rsquo;humour \u00e0 la plage<\/strong>, une soir\u00e9e estivale et festive orchestr\u00e9e par <a href=\"https:\/\/www.public.fr\/tag\/kev-adams\" rel=\"nofollow noopener\" target=\"_blank\"><strong>Kev Adams<\/strong><\/a> depuis la pin\u00e8de Gould \u00e0 Juan-les-Pins. <\/p>\n<p>Pour cette deuxi\u00e8me \u00e9dition, l&rsquo;humoriste de 34 ans s&rsquo;est entour\u00e9 d&rsquo;<strong>une impressionnante brochette d&rsquo;artistes<\/strong> : Gad Elmaleh, Camille Lellouche, Maxime Gasteuil, \u00c9lodie Poux, Franck Dubosc, Marine Leonardi, Anne Roumanoff, Chantal Ladesou, Marie s&rsquo;infiltre, Nino Arial, Az, Titoff ou encore Kody. <\/p>\n<p>Ensemble, ils ont offert <strong>un gala familial ponctu\u00e9 de sketchs exclusifs, de duos in\u00e9dits, d&rsquo;impros et de happenings pleins de surprises<\/strong>. Une belle fa\u00e7on de c\u00e9l\u00e9brer l&rsquo;\u00e9t\u00e9 sous le signe de la bonne humeur ! \u00c0 cette occasion, Kev Adams a aussi accord\u00e9 une longue interview \u00e0 <a href=\"https:\/\/x.com\/brutofficiel\" target=\"_blank\" rel=\"noreferrer noopener nofollow\">Brut<\/a>, dans laquelle il est revenu en long, en large et en travers sur ce projet qui lui tient particuli\u00e8rement \u00e0 c\u0153ur. Un projet largement inspir\u00e9 du b\u00e9b\u00e9 de <a href=\"https:\/\/www.public.fr\/tag\/jamel-debbouze\" rel=\"nofollow noopener\" target=\"_blank\">Jamel Debbouze<\/a>. <\/p>\n<p>Kev Adams : \u00ab\u00a0Un m\u00e9lange de deux choses\u00a0\u00bb<\/p>\n<p>\u00ab\u00a0<strong>Le Marrakech du rire nous a tous berc\u00e9s et a \u00e9t\u00e9 un choc pour toute une g\u00e9n\u00e9ration. En tout cas pour moi<\/strong>\u00ab\u00a0, a confi\u00e9 Kevin Smadja, de son vrai nom, \u00e0 nos confr\u00e8res. <\/p>\n<p>Avec L&rsquo;humour \u00e0 la plage, Kev Adams a \u00ab\u00a0essay\u00e9 de <strong>faire un m\u00e9lange de deux choses. L&rsquo;ambiance qu&rsquo;on retrouve au festival Juste pour rire de Montr\u00e9al et le Marrakech du rire<\/strong>. (&#8230;) On a fait un mix des deux. Juan-les-Pins s&rsquo;y pr\u00eate \u00e0 fond parce que c&rsquo;est une toute petite station baln\u00e9aire et tout se fait \u00e0 pied\u00a0\u00bb. <\/p>\n<p>Il faut dire que, bien au-del\u00e0 du cadre idyllique parfaitement adapt\u00e9 \u00e0 ce type d&rsquo;\u00e9v\u00e9nement, <strong>l&rsquo;humoriste entretient un lien tr\u00e8s personnel avec le lieu<\/strong>, qu&rsquo;il a d\u00e9couvert tout b\u00e9b\u00e9, \u00e0 l&rsquo;\u00e2ge d&rsquo;un mois \u00e0 peine. <\/p>\n<p>\u00ab\u00a0J&rsquo;adore cette ville, je viens ici depuis que je suis tout petit. C&rsquo;est vraiment ma ville d&rsquo;enfance, ma ville de c\u0153ur. J&rsquo;aime tout ici\u00a0\u00bb, a-t-il r\u00e9v\u00e9l\u00e9. <\/p>\n<p>Une chose est s\u00fbre : <strong>Jamel Debbouze a du souci \u00e0 se faire<\/strong>. Kev Adams entend bien lui voler la vedette avec son propre festival de l&rsquo;humour\u2026 et il ne compte visiblement pas s&rsquo;arr\u00eater en si bon chemin !<\/p>\n<blockquote class=\"twitter-tweet\">\n<p>\u00ab\u00a0J&rsquo;ai essay\u00e9 de faire un m\u00e9lange, en fait, de deux choses. L&rsquo;ambiance qu&rsquo;on retrouve au festival Juste pour rire de Montr\u00e9al, Et le Marrakech du rire.\u00a0\u00bb<br \/>Depuis l&rsquo;an dernier, <a href=\"https:\/\/twitter.com\/kevadamsss?ref_src=twsrc%5Etfw\" rel=\"nofollow noopener\" target=\"_blank\">@kevadamsss<\/a> a r\u00e9alis\u00e9 son r\u00eave. Organiser un festival de l&rsquo;humour sur la plage de Juan-les-Pins. On y\u2026 <a href=\"https:\/\/t.co\/wIz4lvWRqJ\" rel=\"nofollow\">pic.twitter.com\/wIz4lvWRqJ<\/a><\/p>\n<p>\u2014 Brut FR (@brutofficiel) <a href=\"https:\/\/twitter.com\/brutofficiel\/status\/1945007925598019602?ref_src=twsrc%5Etfw\" rel=\"nofollow noopener\" target=\"_blank\">July 15, 2025<\/a><\/p><\/blockquote>\n<p>      Mentionn\u00e9s dans cet article<\/p>\n<p>\u00c0 lire aussi<\/p>\n<p><script async src=\"https:\/\/platform.twitter.com\/widgets.js\" charset=\"utf-8\"><\/script><\/p>\n","protected":false},"excerpt":{"rendered":"R\u00e9sum\u00e9 Kev Adams a lanc\u00e9 \u00ab L&rsquo;humour \u00e0 la plage \u00bb \u00e0 Juan-les-Pins, un festival d&rsquo;humour estival m\u00ealant&hellip;\n","protected":false},"author":2,"featured_media":251204,"comment_status":"","ping_status":"","sticky":false,"template":"","format":"standard","meta":{"footnotes":""},"categories":[8],"tags":[58,59,1011,27,8585,6787,39132],"class_list":{"0":"post-251203","1":"post","2":"type-post","3":"status-publish","4":"format-standard","5":"has-post-thumbnail","7":"category-divertissement","8":"tag-divertissement","9":"tag-entertainment","10":"tag-fr","11":"tag-france","12":"tag-jamel-debbouze","13":"tag-kev-adams","14":"tag-marrakech-du-rire"},"share_on_mastodon":{"url":"https:\/\/pubeurope.com\/@fr\/114862738829623480","error":""},"_links":{"self":[{"href":"https:\/\/www.europesays.com\/fr\/wp-json\/wp\/v2\/posts\/251203","targetHints":{"allow":["GET"]}}],"collection":[{"href":"https:\/\/www.europesays.com\/fr\/wp-json\/wp\/v2\/posts"}],"about":[{"href":"https:\/\/www.europesays.com\/fr\/wp-json\/wp\/v2\/types\/post"}],"author":[{"embeddable":true,"href":"https:\/\/www.europesays.com\/fr\/wp-json\/wp\/v2\/users\/2"}],"replies":[{"embeddable":true,"href":"https:\/\/www.europesays.com\/fr\/wp-json\/wp\/v2\/comments?post=251203"}],"version-history":[{"count":0,"href":"https:\/\/www.europesays.com\/fr\/wp-json\/wp\/v2\/posts\/251203\/revisions"}],"wp:featuredmedia":[{"embeddable":true,"href":"https:\/\/www.europesays.com\/fr\/wp-json\/wp\/v2\/media\/251204"}],"wp:attachment":[{"href":"https:\/\/www.europesays.com\/fr\/wp-json\/wp\/v2\/media?parent=251203"}],"wp:term":[{"taxonomy":"category","embeddable":true,"href":"https:\/\/www.europesays.com\/fr\/wp-json\/wp\/v2\/categories?post=251203"},{"taxonomy":"post_tag","embeddable":true,"href":"https:\/\/www.europesays.com\/fr\/wp-json\/wp\/v2\/tags?post=251203"}],"curies":[{"name":"wp","href":"https:\/\/api.w.org\/{rel}","templated":true}]}}