{"id":251205,"date":"2025-07-16T11:44:10","date_gmt":"2025-07-16T11:44:10","guid":{"rendered":"https:\/\/www.europesays.com\/fr\/251205\/"},"modified":"2025-07-16T11:44:10","modified_gmt":"2025-07-16T11:44:10","slug":"le-5-aout-2025-une-anomalie-temporelle-se-prepare-faut-il-sinquieter","status":"publish","type":"post","link":"https:\/\/www.europesays.com\/fr\/251205\/","title":{"rendered":"Le 5 ao\u00fbt 2025, une anomalie temporelle se pr\u00e9pare, faut-il s\u2019inqui\u00e9ter ?"},"content":{"rendered":"<p>Ce n\u2019est pas une impression\u00a0: la Terre semble bel et bien acc\u00e9l\u00e9rer sa rotation. Selon les mesures pr\u00e9cises des horloges atomiques, le 5 ao\u00fbt 2025 pourrait battre un record historique en devenant le jour le plus court jamais enregistr\u00e9 depuis le d\u00e9but des relev\u00e9s scientifiques.<\/p>\n<p>Traditionnellement, la Terre met un peu moins de 24 heures pour effectuer un tour complet sur elle-m\u00eame. Mais cette dur\u00e9e n\u2019est pas immuable. Elle varie l\u00e9g\u00e8rement au fil du temps, influenc\u00e9e par des facteurs g\u00e9ologiques, climatiques et astronomiques. Et depuis quelques ann\u00e9es, la tendance s\u2019inverse\u00a0: les jours raccourcissent imperceptiblement.<\/p>\n<p>Le 29 juin 2022 avait d\u00e9j\u00e0 marqu\u00e9 un tournant, avec une journ\u00e9e \u00e9court\u00e9e de 1,59 milliseconde. Depuis, plusieurs jours records ont \u00e9t\u00e9 enregistr\u00e9s, et les pr\u00e9visions actuelles laissent entendre que le 5 ao\u00fbt 2025 pourrait devenir le plus court jamais observ\u00e9, avec un \u00e9cart estim\u00e9 \u00e0 environ 1,9 milliseconde par rapport aux 86\u00a0400 secondes habituelles.<\/p>\n<p>D\u2019o\u00f9 vient cette acc\u00e9l\u00e9ration\u00a0?<\/p>\n<p>Le ph\u00e9nom\u00e8ne est encore mal compris, mais plusieurs pistes sont explor\u00e9es par les scientifiques. La plus s\u00e9rieuse concerne les mouvements du noyau terrestre, en particulier la vitesse de rotation du noyau interne, qui peut influer sur celle de la cro\u00fbte terrestre.<\/p>\n<p>D\u2019autres hypoth\u00e8ses \u00e9voquent des modifications de la r\u00e9partition des masses sur la plan\u00e8te, comme la fonte des glaces ou les redistributions d\u2019eau li\u00e9es au r\u00e9chauffement climatique. Cela parait logique car d\u00e9placer des milliards de tonnes d\u2019eau d\u2019un p\u00f4le \u00e0 l\u2019autre a un effet, m\u00eame minime, sur la dynamique de rotation terrestre, un peu comme un patineur qui acc\u00e9l\u00e8re en repliant les bras.<\/p>\n<p>Il faut aussi compter avec le ph\u00e9nom\u00e8ne du \u201cChandler wobble\u201d, une oscillation naturelle de l\u2019axe de rotation de la Terre, et les grands s\u00e9ismes ou \u00e9v\u00e9nements tectoniques, qui peuvent, eux aussi, modifier tr\u00e8s l\u00e9g\u00e8rement la vitesse de rotation.<\/p>\n<p>Des effets concrets sur la mesure du temps<\/p>\n<p>Si ces variations semblent n\u00e9gligeables, elles posent pourtant un d\u00e9fi bien r\u00e9el \u00e0 l\u2019\u00e9chelle technologique. Le temps universel coordonn\u00e9 (UTC), qui r\u00e8gle nos syst\u00e8mes GPS, r\u00e9seaux informatiques, transactions boursi\u00e8res ou t\u00e9l\u00e9communications, est cal\u00e9 sur la rotation de la Terre, corrig\u00e9e r\u00e9guli\u00e8rement par l\u2019ajout de secondes intercalaires.<\/p>\n<p>Mais jusqu\u2019ici, ces secondes \u00e9taient ajout\u00e9es, pour compenser le ralentissement de la rotation terrestre. Si cette tendance \u00e0 l\u2019acc\u00e9l\u00e9ration se confirme, les experts devront envisager l\u2019inverse\u00a0: retirer une seconde intercalaire, ce qui n\u2019a jamais \u00e9t\u00e9 fait. Une telle op\u00e9ration pourrait d\u00e9s\u00e9quilibrer certains syst\u00e8mes informatiques sensibles, con\u00e7us pour g\u00e9rer des ajouts mais pas des retraits.<\/p>\n<p>L\u2019acc\u00e9l\u00e9ration de la Terre n\u2019a rien d\u2019inqui\u00e9tant en soi\u00a0: c\u2019est un ph\u00e9nom\u00e8ne naturel qui s\u2019est d\u00e9j\u00e0 produit dans l\u2019histoire g\u00e9ologique. Mais \u00e0 l\u2019heure o\u00f9 nos soci\u00e9t\u00e9s d\u00e9pendent de mesures du temps ultra-pr\u00e9cises, la moindre variation millim\u00e9tr\u00e9e prend une importance disproportionn\u00e9e.<\/p>\n<p>Pour les scientifiques, c\u2019est aussi une fen\u00eatre ouverte sur la dynamique interne de la Terre, encore largement myst\u00e9rieuse. La rotation de notre plan\u00e8te n\u2019est pas seulement une question de temps, c\u2019est aussi un r\u00e9v\u00e9lateur de ce qui se passe sous nos pieds, \u00e0 des milliers de kilom\u00e8tres de profondeur.<\/p>\n<blockquote>\n<p class=\"text-base text-neutral-700 dark:text-neutral-300\">\ud83d\udfe3 Pour ne manquer aucune news sur le Journal du Geek, abonnez-vous sur <a href=\"https:\/\/news.google.com\/publications\/CAAqBwgKMNr_hAswwYyCAw?hl=fr&amp;gl=FR&amp;ceid=FR%3Afr\" target=\"_blank\" rel=\"nofollow noopener\">Google Actualit\u00e9s<\/a> et sur <a href=\"https:\/\/whatsapp.com\/channel\/0029VaClM5y4tRry12tb7D2h\" target=\"_blank\" rel=\"nofollow noopener\">notre WhatsApp<\/a>. Et si vous nous adorez, on a <a href=\"https:\/\/www.journaldugeek.com\/newsletter\/\" target=\"_blank\" rel=\"nofollow noopener\">une newsletter tous les matins<\/a>.<\/p>\n<\/blockquote>\n","protected":false},"excerpt":{"rendered":"Ce n\u2019est pas une impression\u00a0: la Terre semble bel et bien acc\u00e9l\u00e9rer sa rotation. Selon les mesures pr\u00e9cises&hellip;\n","protected":false},"author":2,"featured_media":251206,"comment_status":"","ping_status":"","sticky":false,"template":"","format":"standard","meta":{"footnotes":""},"categories":[7],"tags":[1011,27,5140,43,40,41,39,42,44,5426,4505],"class_list":{"0":"post-251205","1":"post","2":"type-post","3":"status-publish","4":"format-standard","5":"has-post-thumbnail","7":"category-sciences-et-technologies","8":"tag-fr","9":"tag-france","10":"tag-rechauffement-climatique","11":"tag-science","12":"tag-science-and-technology","13":"tag-sciences","14":"tag-sciences-et-technologies","15":"tag-technologies","16":"tag-technology","17":"tag-temps","18":"tag-terre"},"share_on_mastodon":{"url":"https:\/\/pubeurope.com\/@fr\/114862742750671308","error":""},"_links":{"self":[{"href":"https:\/\/www.europesays.com\/fr\/wp-json\/wp\/v2\/posts\/251205","targetHints":{"allow":["GET"]}}],"collection":[{"href":"https:\/\/www.europesays.com\/fr\/wp-json\/wp\/v2\/posts"}],"about":[{"href":"https:\/\/www.europesays.com\/fr\/wp-json\/wp\/v2\/types\/post"}],"author":[{"embeddable":true,"href":"https:\/\/www.europesays.com\/fr\/wp-json\/wp\/v2\/users\/2"}],"replies":[{"embeddable":true,"href":"https:\/\/www.europesays.com\/fr\/wp-json\/wp\/v2\/comments?post=251205"}],"version-history":[{"count":0,"href":"https:\/\/www.europesays.com\/fr\/wp-json\/wp\/v2\/posts\/251205\/revisions"}],"wp:featuredmedia":[{"embeddable":true,"href":"https:\/\/www.europesays.com\/fr\/wp-json\/wp\/v2\/media\/251206"}],"wp:attachment":[{"href":"https:\/\/www.europesays.com\/fr\/wp-json\/wp\/v2\/media?parent=251205"}],"wp:term":[{"taxonomy":"category","embeddable":true,"href":"https:\/\/www.europesays.com\/fr\/wp-json\/wp\/v2\/categories?post=251205"},{"taxonomy":"post_tag","embeddable":true,"href":"https:\/\/www.europesays.com\/fr\/wp-json\/wp\/v2\/tags?post=251205"}],"curies":[{"name":"wp","href":"https:\/\/api.w.org\/{rel}","templated":true}]}}