{"id":251207,"date":"2025-07-16T11:45:10","date_gmt":"2025-07-16T11:45:10","guid":{"rendered":"https:\/\/www.europesays.com\/fr\/251207\/"},"modified":"2025-07-16T11:45:10","modified_gmt":"2025-07-16T11:45:10","slug":"loik-le-floch-prigent-ancien-grand-patron-condamne-dans-laffaire-elf-est-mort","status":"publish","type":"post","link":"https:\/\/www.europesays.com\/fr\/251207\/","title":{"rendered":"Lo\u00efk Le Floch-Prigent, ancien grand patron condamn\u00e9 dans l\u2019affaire Elf, est mort"},"content":{"rendered":"<p>Le Breton est d\u00e9c\u00e9d\u00e9 ce mercredi \u00e0 l\u2019\u00e2ge de 81 ans, a annonc\u00e9 sa femme \u00e0 l\u2019AFP.<\/p>\n<p class=\"fig-paragraph\"><a href=\"http:\/\/www.lefigaro.fr\/conjoncture\/loik-le-floch-prigent-ancien-grand-patron-condamne-dans-l-affaire-elf-est-mort-20250716\" data-fig-type=\"NewsFlash\" data-gtm-custom-categorie=\"navigation\" data-gtm-custom-action=\"crossclick\" data-gtm-custom-label=\"Contextuel\" data-gtm-event=\"customEventSPE\" data-fig-domain=\"LEFIGARO\" rel=\"nofollow noopener\" target=\"_blank\">Lo\u00efk Le Floch-Prigent,<\/a>\u00a0ex-PDG de grandes soci\u00e9t\u00e9s publiques fran\u00e7aises comme Rh\u00f4ne-Poulenc (1982-1986), Elf Aquitaine (1989-1993),\u00a0<a href=\"https:\/\/www.lefigaro.fr\/conjoncture\/gaz-fioul-ou-electricite-comment-edf-et-gdf-se-battent-pour-nos-radiateurs-20220826\" data-fig-type=\"Article\" data-gtm-custom-categorie=\"navigation\" data-gtm-custom-action=\"crossclick\" data-gtm-custom-label=\"Contextuel\" data-gtm-event=\"customEventSPE\" data-fig-domain=\"LEFIGARO\" rel=\"nofollow noopener\" target=\"_blank\">GDF<\/a>\u00a0(1993-1995) et\u00a0<a href=\"http:\/\/www.lefigaro.fr\/social\/sncf-faut-il-craindre-des-greves-dans-les-trains-cet-ete-20250708\" data-fig-type=\"NewsFlash\" data-gtm-custom-categorie=\"navigation\" data-gtm-custom-action=\"crossclick\" data-gtm-custom-label=\"Contextuel\" data-gtm-event=\"customEventSPE\" data-fig-domain=\"LEFIGARO\" rel=\"nofollow noopener\" target=\"_blank\">la SNCF<\/a>\u00a0(1995-1996), est d\u00e9c\u00e9d\u00e9 mercredi \u00e0 81 ans, a annonc\u00e9 sa femme \u00e0 l\u2019AFP.<\/p>\n<p class=\"fig-paragraph\">Cet ancien grand patron, nomm\u00e9 par des gouvernements de gauche comme de droite \u00e0 la t\u00eate des plus grandes entreprises, a pass\u00e9 plusieurs ann\u00e9es en prison, notamment apr\u00e8s sa condamnation en 2003 pour abus de biens sociaux dans le volet principal du dossier Elf.<\/p>\n<p>                                    <a class=\"fig-a11y-skip a11y-hidden\" href=\"#fig-a11y-skip-main-inarticle\"><br \/>\n        Passer la publicit\u00e9<br \/>\n    <\/a><\/p>\n<p class=\"fig-paragraph\">Plus d\u2019informations \u00e0 venir&#8230;<\/p>\n","protected":false},"excerpt":{"rendered":"Le Breton est d\u00e9c\u00e9d\u00e9 ce mercredi \u00e0 l\u2019\u00e2ge de 81 ans, a annonc\u00e9 sa femme \u00e0 l\u2019AFP. Lo\u00efk&hellip;\n","protected":false},"author":2,"featured_media":251208,"comment_status":"","ping_status":"","sticky":false,"template":"","format":"standard","meta":{"footnotes":""},"categories":[6],"tags":[35,33,34,1011,27,18,4030],"class_list":{"0":"post-251207","1":"post","2":"type-post","3":"status-publish","4":"format-standard","5":"has-post-thumbnail","7":"category-economie","8":"tag-business","9":"tag-economie","10":"tag-economy","11":"tag-fr","12":"tag-france","13":"tag-mort","14":"tag-patron"},"share_on_mastodon":{"url":"https:\/\/pubeurope.com\/@fr\/114862746847900889","error":""},"_links":{"self":[{"href":"https:\/\/www.europesays.com\/fr\/wp-json\/wp\/v2\/posts\/251207","targetHints":{"allow":["GET"]}}],"collection":[{"href":"https:\/\/www.europesays.com\/fr\/wp-json\/wp\/v2\/posts"}],"about":[{"href":"https:\/\/www.europesays.com\/fr\/wp-json\/wp\/v2\/types\/post"}],"author":[{"embeddable":true,"href":"https:\/\/www.europesays.com\/fr\/wp-json\/wp\/v2\/users\/2"}],"replies":[{"embeddable":true,"href":"https:\/\/www.europesays.com\/fr\/wp-json\/wp\/v2\/comments?post=251207"}],"version-history":[{"count":0,"href":"https:\/\/www.europesays.com\/fr\/wp-json\/wp\/v2\/posts\/251207\/revisions"}],"wp:featuredmedia":[{"embeddable":true,"href":"https:\/\/www.europesays.com\/fr\/wp-json\/wp\/v2\/media\/251208"}],"wp:attachment":[{"href":"https:\/\/www.europesays.com\/fr\/wp-json\/wp\/v2\/media?parent=251207"}],"wp:term":[{"taxonomy":"category","embeddable":true,"href":"https:\/\/www.europesays.com\/fr\/wp-json\/wp\/v2\/categories?post=251207"},{"taxonomy":"post_tag","embeddable":true,"href":"https:\/\/www.europesays.com\/fr\/wp-json\/wp\/v2\/tags?post=251207"}],"curies":[{"name":"wp","href":"https:\/\/api.w.org\/{rel}","templated":true}]}}