{"id":251209,"date":"2025-07-16T11:46:09","date_gmt":"2025-07-16T11:46:09","guid":{"rendered":"https:\/\/www.europesays.com\/fr\/251209\/"},"modified":"2025-07-16T11:46:09","modified_gmt":"2025-07-16T11:46:09","slug":"la-ministre-du-travail-demissionne-apres-avoir-affirme-que-les-mendiants-etaient-en-fait-des-gens-deguises","status":"publish","type":"post","link":"https:\/\/www.europesays.com\/fr\/251209\/","title":{"rendered":"La ministre du Travail d\u00e9missionne apr\u00e8s avoir affirm\u00e9 que les \u00ab\u00a0mendiants\u00a0\u00bb \u00e9taient en fait des gens d\u00e9guis\u00e9s"},"content":{"rendered":"<p>La <a href=\"https:\/\/www.20minutes.fr\/dossier\/ministre_du_travail\" class=\"color-ultramarine c-link\" target=\"_blank\" rel=\"noopener\">ministre du Travail<\/a> et de la <a href=\"https:\/\/www.20minutes.fr\/dossier\/securite_sociale\" class=\"color-ultramarine c-link\" target=\"_blank\" rel=\"noopener\">S\u00e9curit\u00e9 sociale<\/a> de <a href=\"https:\/\/www.20minutes.fr\/monde\/cuba\/\" class=\"color-ultramarine c-link\" target=\"_blank\" rel=\"noopener\">Cuba <\/a>a d\u00e9missionn\u00e9 mardi apr\u00e8s avoir affirm\u00e9 qu\u2019il n\u2019y avait pas de \u00ab\u00a0mendiants\u00a0\u00bb sur l\u2019\u00eele. Mais seulement des gens \u00ab\u00a0d\u00e9guis\u00e9s en mendiants\u00a0\u00bb, au moment o\u00f9 le pays traverse une profonde crise \u00e9conomique. Selon les m\u00e9dias officiels, la demande de d\u00e9mission \u00ab\u00a0a \u00e9t\u00e9 analys\u00e9e par les plus hautes autorit\u00e9s du Parti communiste et du gouvernement\u00a0\u00bb qui ont \u00ab\u00a0accept\u00e9 de la lib\u00e9rer\u00a0\u00bb de son poste. en raison de \u00ab\u00a0son manque d\u2019objectivit\u00e9 et de sensibilit\u00e9\u00a0\u00bb.<\/p>\n<p>Lundi, lors d\u2019une pr\u00e9sentation devant une commission parlementaire, Marta Elena Feito avait ni\u00e9 que les personnes fouillant les poubelles dans la rue le faisaient pour chercher de la nourriture. Elle avait aussi critiqu\u00e9 les laveurs de pare-brise de rue, les accusant de chercher une \u00ab\u00a0vie facile\u00a0\u00bb. \u00ab\u00a0Nous voyons des personnes qui semblent \u00eatre des mendiants, mais quand on regarde leurs mains, quand on regarde leurs v\u00eatements, on se rend compte qu\u2019elles sont d\u00e9guis\u00e9es en mendiants, ce ne sont pas des mendiants. Il n\u2019y a pas de mendiants \u00e0 Cuba\u00a0\u00bb, a d\u00e9clar\u00e9 la ministre.<\/p>\n<p>\u00ab\u00a0Les expressions concr\u00e8tes des in\u00e9galit\u00e9s sociales\u00a0\u00bb<\/p>\n<p>Ces propos, tenus pendant une session parlementaire retransmise \u00e0 la t\u00e9l\u00e9vision nationale, ont provoqu\u00e9 un toll\u00e9, notamment sur les r\u00e9seaux sociaux, au moment o\u00f9 la population cubaine est confront\u00e9e \u00e0 une inflation galopante. Le pr\u00e9sident de Cuba, Miguel Diaz-Canel, a tent\u00e9 mardi d\u2019\u00e9teindre le scandale. \u00ab\u00a0Aucun d\u2019entre nous ne peut agir avec arrogance, avec suffisance, d\u00e9connect\u00e9 des r\u00e9alit\u00e9s que nous vivons\u00a0\u00bb, a-t-il insist\u00e9. \u00ab\u00a0Ces personnes, que nous d\u00e9crivons parfois comme des mendiants ou li\u00e9es \u00e0 la mendicit\u00e9, sont en r\u00e9alit\u00e9 les expressions concr\u00e8tes des in\u00e9galit\u00e9s sociales et des probl\u00e8mes\u00a0\u00bb auxquels Cuba est confront\u00e9e.<\/p>\n<\/p>\n<p>Le niveau de pauvret\u00e9 a augment\u00e9 ces derni\u00e8res ann\u00e9es sur l\u2019\u00eele en proie \u00e0 une profonde crise \u00e9conomique, aliment\u00e9e par une faible production locale et le renforcement de l\u2019embargo am\u00e9ricain par Donald Trump. En\u00a02024, 189.000 familles et 350.000 personnes consid\u00e9r\u00e9es comme vuln\u00e9rables b\u00e9n\u00e9ficiaient de programmes d\u2019aide sociale sur l\u2019\u00eele de 9,7\u00a0millions d\u2019habitants, selon le gouvernement.<\/p>\n","protected":false},"excerpt":{"rendered":"La ministre du Travail et de la S\u00e9curit\u00e9 sociale de Cuba a d\u00e9missionn\u00e9 mardi apr\u00e8s avoir affirm\u00e9 qu\u2019il&hellip;\n","protected":false},"author":2,"featured_media":251210,"comment_status":"","ping_status":"","sticky":false,"template":"","format":"standard","meta":{"footnotes":""},"categories":[5],"tags":[47,11,19551,1011,27,14,32208,74,12,4518,3910,731,28],"class_list":{"0":"post-251209","1":"post","2":"type-post","3":"status-publish","4":"format-standard","5":"has-post-thumbnail","7":"category-international","8":"tag-actualite","9":"tag-actualites","10":"tag-cuba","11":"tag-fr","12":"tag-france","13":"tag-international","14":"tag-ministre-du-travail","15":"tag-monde","16":"tag-news","17":"tag-pauvrete","18":"tag-sdf","19":"tag-securite-sociale","20":"tag-world"},"share_on_mastodon":{"url":"https:\/\/pubeurope.com\/@fr\/114862750875686963","error":""},"_links":{"self":[{"href":"https:\/\/www.europesays.com\/fr\/wp-json\/wp\/v2\/posts\/251209","targetHints":{"allow":["GET"]}}],"collection":[{"href":"https:\/\/www.europesays.com\/fr\/wp-json\/wp\/v2\/posts"}],"about":[{"href":"https:\/\/www.europesays.com\/fr\/wp-json\/wp\/v2\/types\/post"}],"author":[{"embeddable":true,"href":"https:\/\/www.europesays.com\/fr\/wp-json\/wp\/v2\/users\/2"}],"replies":[{"embeddable":true,"href":"https:\/\/www.europesays.com\/fr\/wp-json\/wp\/v2\/comments?post=251209"}],"version-history":[{"count":0,"href":"https:\/\/www.europesays.com\/fr\/wp-json\/wp\/v2\/posts\/251209\/revisions"}],"wp:featuredmedia":[{"embeddable":true,"href":"https:\/\/www.europesays.com\/fr\/wp-json\/wp\/v2\/media\/251210"}],"wp:attachment":[{"href":"https:\/\/www.europesays.com\/fr\/wp-json\/wp\/v2\/media?parent=251209"}],"wp:term":[{"taxonomy":"category","embeddable":true,"href":"https:\/\/www.europesays.com\/fr\/wp-json\/wp\/v2\/categories?post=251209"},{"taxonomy":"post_tag","embeddable":true,"href":"https:\/\/www.europesays.com\/fr\/wp-json\/wp\/v2\/tags?post=251209"}],"curies":[{"name":"wp","href":"https:\/\/api.w.org\/{rel}","templated":true}]}}