{"id":251213,"date":"2025-07-16T11:48:11","date_gmt":"2025-07-16T11:48:11","guid":{"rendered":"https:\/\/www.europesays.com\/fr\/251213\/"},"modified":"2025-07-16T11:48:11","modified_gmt":"2025-07-16T11:48:11","slug":"de-la-viande-hachee-rappelee-partout-en-france-pour-une-contamination-a-la-bacterie-e-coli","status":"publish","type":"post","link":"https:\/\/www.europesays.com\/fr\/251213\/","title":{"rendered":"De la viande hach\u00e9e rappel\u00e9e partout en France pour une contamination \u00e0 la bact\u00e9rie E. coli"},"content":{"rendered":"<p>Prudence si vous avez r\u00e9cemment achet\u00e9 de la viande hach\u00e9e pour tartare dans votre magasin Fresh ou Mon March\u00e9. Depuis vendredi, les autorit\u00e9s proc\u00e8dent en effet au rappel massif d\u2019un produit sans marque potentiellement contamin\u00e9 \u00e0 la <a href=\"https:\/\/www.20minutes.fr\/dossier\/bacterie_e_coli\" class=\"color-ultramarine c-link\" rel=\"nofollow noopener\" target=\"_blank\">bact\u00e9rie E. coli<\/a>, rapporte <a href=\"https:\/\/rappel.conso.gouv.fr\/fiche-rappel\/18905\/Interne\" rel=\"nofollow noopener\" target=\"_blank\" class=\"color-ultramarine c-link\">Rappel Conso<\/a>.<\/p>\n<blockquote cite=\"https:\/\/graph.facebook.com\/100066922248839\/posts\/1054029163504482\/\" class=\"fb-xfbml-parse-ignore\">\n<p>#RappelProduit Tartare 350g &#8211; Sans marque<\/p>\n<p>Risques : Escherichia coli shiga toxinog\u00e8ne (STEC)<\/p>\n<p>Motif :  D\u00e9tection E.Coli O.111:H8<\/p>\n<p>Posted by <a href=\"https:\/\/www.facebook.com\/RappelConso\" rel=\"nofollow noopener\" target=\"_blank\">RappelConso<\/a> on\u00a0<a href=\"https:\/\/graph.facebook.com\/100066922248839\/posts\/1054029163504482\/\" rel=\"nofollow noopener\" target=\"_blank\">Friday, July 11, 2025<\/a><\/p><\/blockquote>\n<p class=\"mb-xxl@xs color-ultramarine font-weight-semi-bold@xs font-source-serif-pro heading-s@xs\">L\u2019acc\u00e8s \u00e0 ce contenu a \u00e9t\u00e9 bloqu\u00e9 afin de respecter votre choix de consentement<\/p>\n<p class=\"mb-m@xs text-l@xs\">En cliquant sur\u00ab J\u2019accepte \u00bb, vous acceptez le d\u00e9p\u00f4t de cookies par des services externes et aurez ainsi acc\u00e8s aux contenus de nos partenaires.<\/p>\n<p class=\"mb-xl@xs text-s@xs\">Plus d\u2019informations sur la page<a href=\"https:\/\/www.20minutes.fr\/gestion-cookies\" class=\"mx-xxs@xs color-ultramarine\" rel=\"nofollow noopener\" target=\"_blank\">Politique de gestion des cookies<\/a><\/p>\n<p>J\u2019accepteDes barquettes de 350\u00a0g<\/p>\n<p>Dans le d\u00e9tail, ce <a href=\"https:\/\/www.20minutes.fr\/dossier\/rappel\" class=\"color-ultramarine c-link\" rel=\"nofollow noopener\" target=\"_blank\">rappel<\/a> vise le lot\u00a025188-0240 portant le code-barres\u00a03700502700473. La date limite de <a href=\"https:\/\/www.20minutes.fr\/conso\" class=\"color-ultramarine c-link\" rel=\"nofollow noopener\" target=\"_blank\">consommation<\/a> inscrite sur ces barquettes en plastique de 350\u00a0g est le 15\u00a0juillet 2025.<\/p>\n<p>D\u2019apr\u00e8s le site du <a href=\"https:\/\/www.20minutes.fr\/dossier\/gouvernement\" class=\"color-ultramarine c-link\" rel=\"nofollow noopener\" target=\"_blank\">gouvernement<\/a>, ce produit a \u00e9t\u00e9 commercialis\u00e9 dans les magasins Fresh et Mon March\u00e9 entre le 8 et le 10\u00a0juillet 2025. Un magasin de Gap serait \u00e9galement concern\u00e9. La <a href=\"https:\/\/rappel.conso.gouv.fr\/document\/ab5973a9-110a-4160-986c-aa85968b06fa\/Interne\/ListeDesDistributeurs\" rel=\"nofollow noopener\" target=\"_blank\" class=\"color-ultramarine c-link\">liste exhaustive des points de vente<\/a> a \u00e9t\u00e9 diffus\u00e9e par les autorit\u00e9s.<\/p>\n<p>Remboursement en magasin<\/p>\n<p>Pour rappel, consommer un <a href=\"https:\/\/www.20minutes.fr\/dossier\/alimentation\" class=\"color-ultramarine c-link\" rel=\"nofollow noopener\" target=\"_blank\">aliment<\/a> contamin\u00e9 par cette bact\u00e9rie peut entra\u00eener\u00a0dans la semaine qui suit \u00ab\u00a0des diarrh\u00e9es parfois sanglantes, des douleurs abdominales et des vomissements, accompagn\u00e9s ou non de fi\u00e8vre\u00a0\u00bb. Dans 5 \u00e0 8\u00a0% des cas, ces sympt\u00f4mes peuvent \u00eatre suivis \u00ab\u00a0de complications r\u00e9nales s\u00e9v\u00e8res, principalement chez les enfants\u00a0\u00bb.<\/p>\n<p>Les personnes qui auraient achet\u00e9 ce produit ne doivent surtout pas le consommer. En cas d\u2019ingestion, il leur est conseill\u00e9 de consulter un <a href=\"https:\/\/www.20minutes.fr\/dossier\/medecin\" class=\"color-ultramarine c-link\" rel=\"nofollow noopener\" target=\"_blank\">m\u00e9decin<\/a> au plus vite en lui faisant part de cette consommation. En l\u2019absence de sympt\u00f4mes dans les quinze jours qui suivent l\u2019ingestion, \u00ab\u00a0il est inutile de s\u2019inqui\u00e9ter\u00a0\u00bb. Les clients concern\u00e9s ont jusqu\u2019au 25\u00a0juillet pour demander un remboursement.<\/p>\n","protected":false},"excerpt":{"rendered":"Prudence si vous avez r\u00e9cemment achet\u00e9 de la viande hach\u00e9e pour tartare dans votre magasin Fresh ou Mon&hellip;\n","protected":false},"author":2,"featured_media":251214,"comment_status":"","ping_status":"","sticky":false,"template":"","format":"standard","meta":{"footnotes":""},"categories":[2],"tags":[47,11,32536,4511,1011,27,12,25575,71,104],"class_list":{"0":"post-251213","1":"post","2":"type-post","3":"status-publish","4":"format-standard","5":"has-post-thumbnail","7":"category-actualites","8":"tag-actualite","9":"tag-actualites","10":"tag-bacterie-e-coli","11":"tag-danger","12":"tag-fr","13":"tag-france","14":"tag-news","15":"tag-rappel-de-produit","16":"tag-sante","17":"tag-societe"},"share_on_mastodon":{"url":"https:\/\/pubeurope.com\/@fr\/114862758504742771","error":""},"_links":{"self":[{"href":"https:\/\/www.europesays.com\/fr\/wp-json\/wp\/v2\/posts\/251213","targetHints":{"allow":["GET"]}}],"collection":[{"href":"https:\/\/www.europesays.com\/fr\/wp-json\/wp\/v2\/posts"}],"about":[{"href":"https:\/\/www.europesays.com\/fr\/wp-json\/wp\/v2\/types\/post"}],"author":[{"embeddable":true,"href":"https:\/\/www.europesays.com\/fr\/wp-json\/wp\/v2\/users\/2"}],"replies":[{"embeddable":true,"href":"https:\/\/www.europesays.com\/fr\/wp-json\/wp\/v2\/comments?post=251213"}],"version-history":[{"count":0,"href":"https:\/\/www.europesays.com\/fr\/wp-json\/wp\/v2\/posts\/251213\/revisions"}],"wp:featuredmedia":[{"embeddable":true,"href":"https:\/\/www.europesays.com\/fr\/wp-json\/wp\/v2\/media\/251214"}],"wp:attachment":[{"href":"https:\/\/www.europesays.com\/fr\/wp-json\/wp\/v2\/media?parent=251213"}],"wp:term":[{"taxonomy":"category","embeddable":true,"href":"https:\/\/www.europesays.com\/fr\/wp-json\/wp\/v2\/categories?post=251213"},{"taxonomy":"post_tag","embeddable":true,"href":"https:\/\/www.europesays.com\/fr\/wp-json\/wp\/v2\/tags?post=251213"}],"curies":[{"name":"wp","href":"https:\/\/api.w.org\/{rel}","templated":true}]}}