{"id":251221,"date":"2025-07-16T11:52:13","date_gmt":"2025-07-16T11:52:13","guid":{"rendered":"https:\/\/www.europesays.com\/fr\/251221\/"},"modified":"2025-07-16T11:52:13","modified_gmt":"2025-07-16T11:52:13","slug":"consommation-lyon-grenoble-nancy-la-folie-des-patisseries-trompe-loeil-sest-repandue-partout-en-france","status":"publish","type":"post","link":"https:\/\/www.europesays.com\/fr\/251221\/","title":{"rendered":"Consommation. Lyon, Grenoble, Nancy&#8230; La folie des p\u00e2tisseries trompe-l\u2019\u0153il s&rsquo;est r\u00e9pandue partout en France"},"content":{"rendered":"<p>Elles ressemblent comme deux gouttes d\u2019eau \u00e0 une mangue, une fraise, une cacahu\u00e8te, un citron ou une pistache, mais ces p\u00e2tisseries cachent souvent un c\u0153ur cr\u00e9meux, une mousse a\u00e9rienne et un biscuit craquant aux fruits ou fruits \u00e0 coques\u00a0: les p\u00e2tisseries trompe-l\u2019\u0153il ont un succ\u00e8s fou.<\/p>\n<p>L\u2019id\u00e9e du trompe-l\u2019\u0153il en cuisine n\u2019est ni nouvelle ni r\u00e9volutionnaire, mais elle a \u00e9t\u00e9 popularis\u00e9e pour la p\u00e2tisserie par le chef <a href=\"https:\/\/www.leprogres.fr\/p\/cedric-grolet\" target=\"_blank\" rel=\"nofollow noopener\">C\u00e9dric Grolet<\/a>. N\u00e9 dans la Loire et form\u00e9 en Haute-Loire, celui qui a \u00e9t\u00e9 \u00e9lu <a href=\"https:\/\/www.leprogres.fr\/france-monde\/2019\/11\/22\/avec-sa-premiere-boulangerie-cedric-grolet-cree-l-evenement-en-plein-paris\" target=\"_blank\" rel=\"nofollow noopener\">meilleur chef p\u00e2tissier du monde en 2017<\/a> et qui officie encore pour le palace parisien Le Meurice s\u2019est fait <a href=\"https:\/\/www.leprogres.fr\/societe\/2025\/06\/28\/le-patissier-cedric-grolet-a-confectionne-le-gateau-du-mariage-de-jeff-bezos\" target=\"_blank\" rel=\"nofollow noopener\">conna\u00eetre dans le monde entier<\/a> gr\u00e2ce \u00e0 ces fruits en trompe-l\u2019\u0153il.<\/p>\n<p>  18\u00a0euros le fruit fa\u00e7on Grolet<\/p>\n<p>Star des r\u00e9seaux sociaux (plus de 12\u00a0millions d\u2019abonn\u00e9s sur Instagram) sur lesquels il sait se mettre en sc\u00e8ne, celui qui a confectionn\u00e9 le g\u00e2teau de mariage de <a href=\"https:\/\/www.leprogres.fr\/p\/jeff-bezos\" target=\"_blank\" rel=\"nofollow noopener\">Jeff Bezos<\/a> est d\u00e9sormais \u00e0 la t\u00eate de plusieurs boutiques, \u00e0 Paris, Saint-Tropez, Londres et Singapour, dans lesquelles ses cr\u00e9ations s\u2019arrachent. Les clients viennent parfois de (tr\u00e8s) loin pour s\u2019en procurer. Ce mardi, dans la file d\u2019attente de sa boutique avenue de l\u2019Op\u00e9ra, \u00e0 Paris, des touristes venus de Normandie, des Pyr\u00e9n\u00e9es-Atlantiques et m\u00eame du Japon attendaient patiemment leur tour, pr\u00eat \u00e0 d\u00e9bourser 18\u00a0euros pour un fruit en trompe-l\u2019\u0153il de la star de la p\u00e2tisserie.<\/p>\n<p>Alors, ce succ\u00e8s fou a donn\u00e9 des id\u00e9es \u00e0 d\u2019autres p\u00e2tissiers, qui se sont, eux aussi, mis au trompe-l\u2019\u0153il. \u00c0 quelques rues de l\u00e0, dans le XIe arrondissement de la capitale, une boulangerie-p\u00e2tisserie propose \u00e0 la vente depuis plusieurs mois ces mangues, fraises et gousses de vanille en trompe-l\u2019\u0153il et pour un prix diminu\u00e9 de plus de la moiti\u00e9 par rapport \u00e0 celui pratiqu\u00e9 par C\u00e9dric Grolet. Et il n\u2019en reste en g\u00e9n\u00e9ral pas une miette chaque soir, nous assure une vendeuse. Mais cette tendance s\u2019est export\u00e9e bien au-del\u00e0 de Paris. On retrouve <a href=\"https:\/\/www.leprogres.fr\/magazine-lifestyle\/2025\/03\/21\/boulangerie-ou-supermarche-ou-les-francais-achetent-ils-leurs-viennoiseries\" target=\"_blank\" rel=\"nofollow noopener\">cette tendance food dans plusieurs p\u00e2tisseries<\/a> partout dans l\u2019Hexagone\u00a0: \u00e0 <a href=\"https:\/\/www.instagram.com\/marcel.boulangerie\/?hl=fr\" target=\"_blank\" rel=\"nofollow noopener\">Lyon<\/a> , <a href=\"https:\/\/www.instagram.com\/patisserie_carandmel\/\" target=\"_blank\" rel=\"nofollow noopener\">Strasbourg<\/a> , <a href=\"https:\/\/www.instagram.com\/lapanieredumail\/?hl=fr\" target=\"_blank\" rel=\"nofollow noopener\">Grenoble<\/a> , <a href=\"https:\/\/www.tiktok.com\/@hilloraaa\/video\/7490864204421844246\" target=\"_blank\" rel=\"nofollow noopener\">Nancy<\/a> \u2026<\/p>\n<p>  Des p\u00e2tisseries longues \u00e0 confectionner<\/p>\n<p>\u00c0 M\u00e9rignac, \u00e0 c\u00f4t\u00e9 de Bordeaux, au Fournil du Mermoz, Jamila et son \u00e9quipe ont commenc\u00e9 leurs cr\u00e9ations de fruits trompe-l\u2019\u0153il il y a quelques mois. Des p\u00e2tisseries qui demandent une certaine technique, beaucoup de pr\u00e9paration et de temps. \u00ab\u00a0C\u2019est assez long. Il y a des biscuits, il y a des cr\u00e8mes, il y a des pralin\u00e9s, des gla\u00e7ages en coque en chocolat. Nous faisons tout maison\u00a0: nos pralin\u00e9s, p\u00e2tes de pistache, p\u00e2tes de cacahu\u00e8tes, biscuits et cr\u00e8mes\u00a0\u00bb, d\u00e9taille la p\u00e2tissi\u00e8re. Au d\u00e9but, l\u2019\u00e9tablissement a commenc\u00e9 par proposer quelques fruits et fruits \u00e0 coque\u00a0: mangue, pistache, que l\u2019\u00e9quipe arrivait \u00e0 confectionner en plus des p\u00e2tisseries habituelles.<\/p>\n<p>Tr\u00e8s vite, les clients adh\u00e8rent et en redemandent. \u00ab\u00a0On a eu de plus en plus de demandes, \u00e0 tel point que nous avons eu besoin de recruter pour abonder et produire plus\u00a0\u00bb, explique Jamila. Puis, des vid\u00e9os sur les r\u00e9seaux sociaux et le bouche-\u00e0-oreille d\u00e9clenchent un v\u00e9ritable ph\u00e9nom\u00e8ne autour de la p\u00e2tisserie. \u00ab\u00a0Les clients faisaient la queue les matins avant l\u2019ouverture, on a tr\u00e8s vite eu du succ\u00e8s. Une jeune fille est venue de Poitiers (soit presque trois heures de route en voiture, NDLR) expr\u00e8s pour \u00e7a\u00a0\u00bb, raconte-t-elle. La petite entreprise a \u00e9t\u00e9 quelque peu d\u00e9pass\u00e9e. \u00ab\u00a0Certains clients n\u2019\u00e9taient pas contents car souvent, ils arrivaient trop tard, toutes les p\u00e2tisseries trompe-l\u2019\u0153il avaient d\u00e9j\u00e0 \u00e9t\u00e9 vendues\u00a0\u00bb, ajoute Jamila, qui a donc d\u00fb augmenter la production.<\/p>\n<p>  Aucune perte<\/p>\n<p>Aujourd\u2019hui, son \u00e9quipe produit environ 500 pi\u00e8ces par jour et adapte en fonction de la demande, qui est plus forte le week-end. L&rsquo;\u00e9tablissement propose des framboises, mangues, cacahu\u00e8tes, pistaches, grains de caf\u00e9 et gousses de vanille plus vrais que nature au prix de 6\u00a0euros (et 8\u00a0euros pour la tablette version chocolat de Duba\u00ef). \u00ab\u00a0\u00c7a se vend vraiment tr\u00e8s bien, je ne fais aucune perte sur ces produits\u00a0\u00bb, se r\u00e9jouit Jamila.<\/p>\n<p>Des p\u00e2tisseries qui font leur effet visuel, mais aussi gustatif et qui sont d\u00e9clinables \u00e0 l\u2019infini. Sur les r\u00e9seaux sociaux, certains s\u2019amusent \u00e0 pousser la folie du trompe-l\u2019\u0153il encore plus loin.<\/p>\n<p>Sur son compte @Angelicapatisserie, la jeune femme se lance le d\u00e9fi de reproduire des objets du quotidien en p\u00e2tisserie. Et le r\u00e9sultat est bluffant. Le plus dur\u00a0: reconna\u00eetre un v\u00e9ritable objet parmi ses cr\u00e9ations p\u00e2tissi\u00e8res.<\/p>\n<p><script async src=\"\/\/www.instagram.com\/embed.js\"><\/script><script async src=\"\/\/www.tiktok.com\/embed.js\"><\/script><\/p>\n","protected":false},"excerpt":{"rendered":"Elles ressemblent comme deux gouttes d\u2019eau \u00e0 une mangue, une fraise, une cacahu\u00e8te, un citron ou une pistache,&hellip;\n","protected":false},"author":2,"featured_media":251222,"comment_status":"","ping_status":"","sticky":false,"template":"","format":"standard","meta":{"footnotes":""},"categories":[9635],"tags":[1111,11,1687,1777,674,107,1011,27,329,775,1031,15108,1702,12,25],"class_list":{"0":"post-251221","1":"post","2":"type-post","3":"status-publish","4":"format-standard","5":"has-post-thumbnail","7":"category-nancy","8":"tag-actu","9":"tag-actualites","10":"tag-culture-loisirs","11":"tag-eu","12":"tag-europe","13":"tag-fil-info","14":"tag-fr","15":"tag-france","16":"tag-france-monde","17":"tag-grand-est","18":"tag-magazine","19":"tag-magazine-lifestyle","20":"tag-nancy","21":"tag-news","22":"tag-republique-francaise"},"share_on_mastodon":{"url":"https:\/\/pubeurope.com\/@fr\/114862774212730064","error":""},"_links":{"self":[{"href":"https:\/\/www.europesays.com\/fr\/wp-json\/wp\/v2\/posts\/251221","targetHints":{"allow":["GET"]}}],"collection":[{"href":"https:\/\/www.europesays.com\/fr\/wp-json\/wp\/v2\/posts"}],"about":[{"href":"https:\/\/www.europesays.com\/fr\/wp-json\/wp\/v2\/types\/post"}],"author":[{"embeddable":true,"href":"https:\/\/www.europesays.com\/fr\/wp-json\/wp\/v2\/users\/2"}],"replies":[{"embeddable":true,"href":"https:\/\/www.europesays.com\/fr\/wp-json\/wp\/v2\/comments?post=251221"}],"version-history":[{"count":0,"href":"https:\/\/www.europesays.com\/fr\/wp-json\/wp\/v2\/posts\/251221\/revisions"}],"wp:featuredmedia":[{"embeddable":true,"href":"https:\/\/www.europesays.com\/fr\/wp-json\/wp\/v2\/media\/251222"}],"wp:attachment":[{"href":"https:\/\/www.europesays.com\/fr\/wp-json\/wp\/v2\/media?parent=251221"}],"wp:term":[{"taxonomy":"category","embeddable":true,"href":"https:\/\/www.europesays.com\/fr\/wp-json\/wp\/v2\/categories?post=251221"},{"taxonomy":"post_tag","embeddable":true,"href":"https:\/\/www.europesays.com\/fr\/wp-json\/wp\/v2\/tags?post=251221"}],"curies":[{"name":"wp","href":"https:\/\/api.w.org\/{rel}","templated":true}]}}