{"id":251223,"date":"2025-07-16T11:53:11","date_gmt":"2025-07-16T11:53:11","guid":{"rendered":"https:\/\/www.europesays.com\/fr\/251223\/"},"modified":"2025-07-16T11:53:11","modified_gmt":"2025-07-16T11:53:11","slug":"vous-aimez-les-specialites-alsaciennes-venez-vous-regaler-a-la-maison-du-bretzel-sur-le-champs-de-mars-a-toulon","status":"publish","type":"post","link":"https:\/\/www.europesays.com\/fr\/251223\/","title":{"rendered":"Vous aimez les sp\u00e9cialit\u00e9s alsaciennes? Venez vous r\u00e9galer \u00e0 la Maison du bretzel sur le Champs de Mars \u00e0 Toulon"},"content":{"rendered":"<p>Il y a du changement sur le <strong>Champ de Mars<\/strong>. Depuis quelques semaines, en lieu et place de l\u2019ancien kiosque \u00e0 journaux, un tout nouveau commerce a ouvert ses portes:<strong> la Maison du bretzel<\/strong>, qui propose des sp\u00e9cialit\u00e9s alsaciennes.<\/p>\n<p>\u00c0 sa t\u00eate, <strong>Alexandre propose une large gamme de vari\u00e9t\u00e9s de bretzels<\/strong>: sal\u00e9s, sucr\u00e9s, fourr\u00e9s, ainsi que la c\u00e9l\u00e8bre flammekueche. L\u2019espace, d\u00e9cor\u00e9 dans un esprit typiquement alsacien, va attirer les amateurs de ces produits.<\/p>\n<p>\u00ab\u00a0Cela fait plusieurs ann\u00e9es que je souhaite ouvrir un commerce \u00e0 Toulon. Quand l\u2019opportunit\u00e9 s\u2019est pr\u00e9sent\u00e9e, je n\u2019ai pas h\u00e9sit\u00e9\u00a0\u00bb, explique le g\u00e9rant, qui d\u00e9veloppe son entreprise, en famille, depuis une dizaine d\u2019ann\u00e9es. Son food-truck est d\u2019ailleurs bien connu des Seynois et des Varois. \u00ab\u00a0Nous participons aux gros festivals nationaux et aux \u00e9v\u00e9nements locaux\u00a0\u00bb.<\/p>\n<p>S\u2019il est originaire de l\u2019aire toulonnaise, Alexandre (qui vit d\u00e9sormais \u00e0 Six-Fours) en conna\u00eet un rayon sur l\u2019Alsace. \u00ab\u00a0Mon \u00e9pouse en est originaire et nous avons donc d\u00e9cid\u00e9 de nous sp\u00e9cialiser dans ces produits, apr\u00e8s une \u00e9tude de march\u00e9 locale. Il n\u2019y a quasiment aucun commerce qui en propose alors on s\u2019est dit que c\u2019\u00e9tait une bonne occasion de lancer la Maison du bretzel. Il y a une vraie communaut\u00e9 et une forte demande sur le secteur\u2026\u00a0\u00bb, affirme-t-il.<\/p>\n<p>Un pari risqu\u00e9 <\/p>\n<p>Quant \u00e0 l\u2019emplacement choisi, le Six-Fournais le reconna\u00eet: le pari est risqu\u00e9. \u00ab\u00a0Le Champ de Mars est un endroit avec peu de commerces de proximit\u00e9. Mais j\u2019aime relever des d\u00e9fis et je suis confiant. \u00c0 partir du mois de septembre, j\u2019envisage d\u2019\u00e9largir la carte, en apportant de la nouveaut\u00e9\u00a0\u00bb, promet Alexandre, qui a pour ambition de faire de son commerce une adresse incontournable \u00e0 Toulon.<\/p>\n","protected":false},"excerpt":{"rendered":"Il y a du changement sur le Champ de Mars. Depuis quelques semaines, en lieu et place de&hellip;\n","protected":false},"author":2,"featured_media":251224,"comment_status":"","ping_status":"","sticky":false,"template":"","format":"standard","meta":{"footnotes":""},"categories":[9619],"tags":[1111,11,2876,1777,674,1011,27,12,882,25,2310],"class_list":{"0":"post-251223","1":"post","2":"type-post","3":"status-publish","4":"format-standard","5":"has-post-thumbnail","7":"category-toulon","8":"tag-actu","9":"tag-actualites","10":"tag-conso-shopping","11":"tag-eu","12":"tag-europe","13":"tag-fr","14":"tag-france","15":"tag-news","16":"tag-provence-alpes-cote-dazur","17":"tag-republique-francaise","18":"tag-toulon"},"share_on_mastodon":{"url":"https:\/\/pubeurope.com\/@fr\/114862778146389261","error":""},"_links":{"self":[{"href":"https:\/\/www.europesays.com\/fr\/wp-json\/wp\/v2\/posts\/251223","targetHints":{"allow":["GET"]}}],"collection":[{"href":"https:\/\/www.europesays.com\/fr\/wp-json\/wp\/v2\/posts"}],"about":[{"href":"https:\/\/www.europesays.com\/fr\/wp-json\/wp\/v2\/types\/post"}],"author":[{"embeddable":true,"href":"https:\/\/www.europesays.com\/fr\/wp-json\/wp\/v2\/users\/2"}],"replies":[{"embeddable":true,"href":"https:\/\/www.europesays.com\/fr\/wp-json\/wp\/v2\/comments?post=251223"}],"version-history":[{"count":0,"href":"https:\/\/www.europesays.com\/fr\/wp-json\/wp\/v2\/posts\/251223\/revisions"}],"wp:featuredmedia":[{"embeddable":true,"href":"https:\/\/www.europesays.com\/fr\/wp-json\/wp\/v2\/media\/251224"}],"wp:attachment":[{"href":"https:\/\/www.europesays.com\/fr\/wp-json\/wp\/v2\/media?parent=251223"}],"wp:term":[{"taxonomy":"category","embeddable":true,"href":"https:\/\/www.europesays.com\/fr\/wp-json\/wp\/v2\/categories?post=251223"},{"taxonomy":"post_tag","embeddable":true,"href":"https:\/\/www.europesays.com\/fr\/wp-json\/wp\/v2\/tags?post=251223"}],"curies":[{"name":"wp","href":"https:\/\/api.w.org\/{rel}","templated":true}]}}