{"id":251231,"date":"2025-07-16T11:57:09","date_gmt":"2025-07-16T11:57:09","guid":{"rendered":"https:\/\/www.europesays.com\/fr\/251231\/"},"modified":"2025-07-16T11:57:09","modified_gmt":"2025-07-16T11:57:09","slug":"des-agents-des-eaux-viennent-verifier-votre-compteur-a-rouen-mefiez-vous","status":"publish","type":"post","link":"https:\/\/www.europesays.com\/fr\/251231\/","title":{"rendered":"Des \u00ab agents des eaux \u00bb viennent v\u00e9rifier votre compteur \u00e0 Rouen ? M\u00e9fiez-vous\u00a0!"},"content":{"rendered":"<p>            Par<br \/>\n        <strong><br \/>\n            <a href=\"https:\/\/actu.fr\/auteur\/julien-bouteiller\" title=\"Consulter tous les articles de Julien Bouteiller\" rel=\"nofollow noopener\" target=\"_blank\">Julien Bouteiller<\/a><br \/>\n        <\/strong><\/p>\n<p>        Publi\u00e9 le<\/p>\n<p>            16 juil. 2025 \u00e0 11h35        <\/p>\n<p><strong>Attention si de pr\u00e9tendus agents des eaux se pr\u00e9sentent chez vous<\/strong> \u00e0 <a href=\"https:\/\/actu.fr\/normandie\/rouen_76540\" rel=\"nofollow noopener\" target=\"_blank\">Rouen<\/a>. Ce mercredi 16\u00a0juillet 2025, la police a tenu \u00e0 passer un message de vigilance.<\/p>\n<p class=\" wall-content\">\n<p>Attention aux faux agents des eaux<\/p>\n<p class=\" wall-content\">En effet, derni\u00e8rement, \u00ab\u2009nous avons constat\u00e9 plusieurs faits au sud de l\u2019agglom\u00e9ration\u2009\u00bb, explique une source polici\u00e8re. \u00ab\u2009De faux agents des eaux se pr\u00e9sentent chez des personnes \u00e2g\u00e9es ou vuln\u00e9rables pour pr\u00e9tendument contr\u00f4ler le compteur d\u2019eau.\u2009\u00bb<\/p>\n<p class=\" wall-content\">Ensuite, ils font payer \u00e0 ces personnes avec un terminal de carte bancaire. \u00ab\u2009Ils parviennent ainsi \u00e0 escroquer des personnes cr\u00e9dules.\u2009\u00bb<\/p>\n<p class=\" wall-content\">Il faut donc rester prudent et suivre ces quelques conseils pour \u00e9viter l\u2019arnaque\u2009:<\/p>\n<p class=\" wall-content\"><strong>\u2022\u00a0ne pas faire entrer d\u2019inconnus<\/strong> (surtout ceux venant sans avoir pr\u00e9venu auparavant), privil\u00e9gier l\u2019utilisation d\u2019un judas, d\u2019un entreb\u00e2illeur ou d\u2019un visiophone\u2009;<br \/><strong>\u2022\u00a0v\u00e9rifier l\u2019identit\u00e9 du ou des visiteurs<\/strong>\u00a0en exigeant par exemple une carte professionnelle (y compris si la personne porte un uniforme)\u2009;<br \/><strong>\u2022\u00a0contacter la soci\u00e9t\u00e9, l\u2019administration ou le service\u00a0<\/strong>dont se r\u00e9clame la personne\u2009;<br \/>\u2022\u00a0en cas de doute, <strong>appeler le 17\u00a0<\/strong>pour faire venir la police ou la gendarmerie.<\/p>\n<p>Vid\u00e9os : en ce moment sur ActuSuivez l\u2019actualit\u00e9 de Rouen <a href=\"https:\/\/www.whatsapp.com\/channel\/0029VaKfnf99hXF2ddApFB1D\" rel=\"nofollow noopener\" target=\"_blank\">sur notre cha\u00eene WhatsApp<\/a> et <a href=\"https:\/\/www.tiktok.com\/@76actu.fr?lang=fr\" rel=\"nofollow noopener\" target=\"_blank\">sur notre compte TikTok<\/a><\/p>\n<p class=\" wall-content\">Suivez toute l\u2019actualit\u00e9 de vos villes et m\u00e9dias favoris en vous inscrivant \u00e0 <a href=\"https:\/\/moncompte.actu.fr\" title=\"D\u00e9couvez Mon Actu\" rel=\"nofollow noopener\" data-trk=\"{&quot;cta&quot;:{&quot;action&quot;:&quot;https:\\\/\\\/moncompte.actu.fr&quot;,&quot;category&quot;:&quot;mon compte&quot;,&quot;from&quot;:&quot;article footer&quot;,&quot;name&quot;:&quot;Mon actu&quot;,&quot;type&quot;:&quot;cta&quot;}}\" target=\"_blank\">Mon Actu<\/a>.<\/p>\n<p>                    <script async src=\"\/\/www.tiktok.com\/embed.js\"><\/script><\/p>\n","protected":false},"excerpt":{"rendered":"Par Julien Bouteiller Publi\u00e9 le 16 juil. 2025 \u00e0 11h35 Attention si de pr\u00e9tendus agents des eaux se&hellip;\n","protected":false},"author":2,"featured_media":251232,"comment_status":"","ping_status":"","sticky":false,"template":"","format":"standard","meta":{"footnotes":""},"categories":[9587],"tags":[1111,11,3514,1777,674,118,1011,27,12,5161,1072,25,9590],"class_list":{"0":"post-251231","1":"post","2":"type-post","3":"status-publish","4":"format-standard","5":"has-post-thumbnail","7":"category-rouen","8":"tag-actu","9":"tag-actualites","10":"tag-arnaque","11":"tag-eu","12":"tag-europe","13":"tag-faits-divers","14":"tag-fr","15":"tag-france","16":"tag-news","17":"tag-normandie","18":"tag-police","19":"tag-republique-francaise","20":"tag-rouen"},"share_on_mastodon":{"url":"https:\/\/pubeurope.com\/@fr\/114862793927867970","error":""},"_links":{"self":[{"href":"https:\/\/www.europesays.com\/fr\/wp-json\/wp\/v2\/posts\/251231","targetHints":{"allow":["GET"]}}],"collection":[{"href":"https:\/\/www.europesays.com\/fr\/wp-json\/wp\/v2\/posts"}],"about":[{"href":"https:\/\/www.europesays.com\/fr\/wp-json\/wp\/v2\/types\/post"}],"author":[{"embeddable":true,"href":"https:\/\/www.europesays.com\/fr\/wp-json\/wp\/v2\/users\/2"}],"replies":[{"embeddable":true,"href":"https:\/\/www.europesays.com\/fr\/wp-json\/wp\/v2\/comments?post=251231"}],"version-history":[{"count":0,"href":"https:\/\/www.europesays.com\/fr\/wp-json\/wp\/v2\/posts\/251231\/revisions"}],"wp:featuredmedia":[{"embeddable":true,"href":"https:\/\/www.europesays.com\/fr\/wp-json\/wp\/v2\/media\/251232"}],"wp:attachment":[{"href":"https:\/\/www.europesays.com\/fr\/wp-json\/wp\/v2\/media?parent=251231"}],"wp:term":[{"taxonomy":"category","embeddable":true,"href":"https:\/\/www.europesays.com\/fr\/wp-json\/wp\/v2\/categories?post=251231"},{"taxonomy":"post_tag","embeddable":true,"href":"https:\/\/www.europesays.com\/fr\/wp-json\/wp\/v2\/tags?post=251231"}],"curies":[{"name":"wp","href":"https:\/\/api.w.org\/{rel}","templated":true}]}}