{"id":251238,"date":"2025-07-16T12:01:13","date_gmt":"2025-07-16T12:01:13","guid":{"rendered":"https:\/\/www.europesays.com\/fr\/251238\/"},"modified":"2025-07-16T12:01:13","modified_gmt":"2025-07-16T12:01:13","slug":"pres-de-rennes-une-femme-se-fait-gifler-et-cracher-au-visage-par-le-pere-de-sa-fille-et-sa-nouvelle-compagne","status":"publish","type":"post","link":"https:\/\/www.europesays.com\/fr\/251238\/","title":{"rendered":"Pr\u00e8s de Rennes, une femme se fait gifler et cracher au visage par le p\u00e8re de sa fille et sa nouvelle compagne"},"content":{"rendered":"<p>            Par<br \/>\n        <strong><br \/>\n            <a href=\"https:\/\/actu.fr\/auteur\/redaction-rennes\" title=\"Consulter tous les articles de R\u00e9daction Rennes\" target=\"_blank\" rel=\"noopener\">R\u00e9daction Rennes<\/a><br \/>\n        <\/strong><\/p>\n<p>        Publi\u00e9 le<\/p>\n<p>            16 juil. 2025 \u00e0 11h38        <\/p>\n<p><strong>Pris d\u2019un acc\u00e8s de col\u00e8re,<\/strong> il avait agress\u00e9 la m\u00e8re de sa fille, apr\u00e8s que sa compagne actuelle l\u2019a gifl\u00e9e. Deux ans apr\u00e8s cette sc\u00e8ne de violences survenue \u00e0 Chartres-de-Bretagne, pr\u00e8s de <a href=\"https:\/\/actu.fr\/rennes\/\" target=\"_blank\" rel=\"noopener\">Rennes<\/a>, un <strong>homme de 41\u00a0ans<\/strong> a \u00e9t\u00e9 <strong>condamn\u00e9<\/strong> mardi par le tribunal correctionnel de Rennes. La victime, attaqu\u00e9e alors qu\u2019elle se trouvait dans un bus avec sa fille en bas \u00e2ge, s\u2019\u00e9tait vue prescrire<strong> trois jours d\u2019ITT.<\/strong><\/p>\n<p class=\" wall-content\">Le 20\u00a0juin 2023, <strong>Iness se trouvait dans le bus<\/strong> avec la fille qu\u2019elle a eu avec son ex-compagnon, Christopher, lorsqu\u2019elle avait \u00e9t\u00e9 violemment<strong> prise \u00e0 partie par G\u00e9raldine, la nouvelle compagne<\/strong> de l\u2019\u00e9poque de ce dernier.<\/p>\n<p class=\" wall-content\">Celle-ci l\u2019avait<strong> \u00ab\u2009gifl\u00e9e \u00e0 l\u2019oreille gauche\u2009\u00bb,<\/strong> tandis que le pr\u00e9venu, Christopher \u2013 rest\u00e9 \u00e0 l\u2019ext\u00e9rieur du bus \u2013 lui avait \u00e0 son tour<strong> \u00ab\u2009crach\u00e9 au visage\u2009\u00bb,<\/strong> prof\u00e9rant des \u00ab\u2009menaces\u2009\u00bb devant plusieurs passagers, <strong>sous les yeux de sa fille qui se trouvait dans la poussette.<\/strong> Selon un t\u00e9moin, le couple \u00ab\u2009guettait leur cible\u2009\u00bb \u00e0 l\u2019arr\u00eat de bus.<\/p>\n<p class=\" wall-content\">La victime s\u2019\u00e9tait vue prescrire une interruption totale de travail (ITT) de trois jours suite \u00e0 cette altercation. Le <strong>diff\u00e9rend<\/strong> entre le couple et la jeune femme, dont les contours demeurent flous, serait <strong>li\u00e9 \u00e0 \u00ab\u2009une dette de loyer\u2009\u00bb de \u00ab\u20092\u2009000\u00a0euros\u2009\u00bb.<\/strong><\/p>\n<p>Le p\u00e8re reconna\u00eet les faits<\/p>\n<p class=\" wall-content\">\u00c0 l\u2019audience, Christopher a reconnu les faits, <strong>d\u00e9clarant avoir agi sous le coup de la \u00ab\u2009col\u00e8re\u2009\u00bb, \u00ab\u2009sans r\u00e9fl\u00e9chir<\/strong>\u2009\u00bb. \u00ab\u2009Je reconnais, que c\u2019est traumatisant [pour sa fille, N.D.L.R.], mais aussi pour les enfants pr\u00e9sents dans le bus\u2009\u00bb, a-t-il aussi conc\u00e9d\u00e9.<\/p>\n<p class=\" wall-content\">Le procureur de la R\u00e9publique avait pour sa part soulign\u00e9 le <strong>casier judiciaire<\/strong> de Christopher, d\u00e9j\u00e0 \u00e9maill\u00e9 de <strong>\u00ab\u2009huit condamnations\u2009\u00bb<\/strong>, dont une, d\u00e9j\u00e0, pour des \u00ab\u2009violences\u2009\u00bb. \u00ab\u2009En 2023, il n\u2019est toujours <strong>pas capable de ma\u00eetriser ses pulsions agressives\u2009\u00bb<\/strong>, avait-il grinc\u00e9.<\/p>\n<p class=\" wall-content\">En cons\u00e9quence, le repr\u00e9sentant du parquet de Rennes avait requis pour ces faits \u00ab\u2009anciens\u2009\u00bb une peine de 90\u00a0jours-amende \u00e0 5\u00a0euros \u00e0 l\u2019encontre de l\u2019auteur des violences. Soit, au total, 450\u00a0\u20ac d\u2019amende \u00e0 r\u00e9gler dans un d\u00e9lai d\u2019un mois et demi.<\/p>\n<p>La compagne pas poursuivie<\/p>\n<p class=\" wall-content\"><strong>G\u00e9raldine, sa compagne<\/strong> \u00e0 l\u2019origine de la \u00ab\u2009claque\u2009\u00bb n\u2019a pas \u00e9t\u00e9 poursuivie dans cette proc\u00e9dure\u2009: elle avait n\u00e9anmoins reconnu les faits lors des auditions, expliquant que <strong>\u00ab\u2009ses nerfs avaient l\u00e2ch\u00e9\u2009\u00bb,<\/strong> ce pourquoi la claque \u00e9tait \u00ab\u2009partie\u2009\u00bb.<\/p>\n<p class=\" wall-content\">Finalement, le tribunal correctionnel de Rennes a inflig\u00e9 \u00e0 son compagnon quarante jours-amende \u00e0 10\u00a0euros par jour, soit un total de <strong>400\u00a0euros \u00e0 r\u00e9gler dans un d\u00e9lai de quarante jours<\/strong>.<\/p>\n<p class=\" wall-content\"><strong>LBe (PressPepper)<\/strong><\/p>\n<p class=\" wall-content\">Suivez toute l\u2019actualit\u00e9 de vos villes et m\u00e9dias favoris en vous inscrivant \u00e0 <a href=\"https:\/\/moncompte.actu.fr\" title=\"D\u00e9couvez Mon Actu\" rel=\"nofollow noopener\" data-trk=\"{&quot;cta&quot;:{&quot;action&quot;:&quot;https:\\\/\\\/moncompte.actu.fr&quot;,&quot;category&quot;:&quot;mon compte&quot;,&quot;from&quot;:&quot;article footer&quot;,&quot;name&quot;:&quot;Mon actu&quot;,&quot;type&quot;:&quot;cta&quot;}}\" target=\"_blank\">Mon Actu<\/a>.<\/p>\n","protected":false},"excerpt":{"rendered":"Par R\u00e9daction Rennes Publi\u00e9 le 16 juil. 2025 \u00e0 11h38 Pris d\u2019un acc\u00e8s de col\u00e8re, il avait agress\u00e9&hellip;\n","protected":false},"author":2,"featured_media":251239,"comment_status":"","ping_status":"","sticky":false,"template":"","format":"standard","meta":{"footnotes":""},"categories":[2821],"tags":[1111,11,829,1719,1777,674,118,1011,27,12,584,25,2803,798],"class_list":{"0":"post-251238","1":"post","2":"type-post","3":"status-publish","4":"format-standard","5":"has-post-thumbnail","7":"category-rennes","8":"tag-actu","9":"tag-actualites","10":"tag-bretagne","11":"tag-enfants","12":"tag-eu","13":"tag-europe","14":"tag-faits-divers","15":"tag-fr","16":"tag-france","17":"tag-news","18":"tag-rennes","19":"tag-republique-francaise","20":"tag-transport","21":"tag-violences-conjugales"},"share_on_mastodon":{"url":"https:\/\/pubeurope.com\/@fr\/114862809639664566","error":""},"_links":{"self":[{"href":"https:\/\/www.europesays.com\/fr\/wp-json\/wp\/v2\/posts\/251238","targetHints":{"allow":["GET"]}}],"collection":[{"href":"https:\/\/www.europesays.com\/fr\/wp-json\/wp\/v2\/posts"}],"about":[{"href":"https:\/\/www.europesays.com\/fr\/wp-json\/wp\/v2\/types\/post"}],"author":[{"embeddable":true,"href":"https:\/\/www.europesays.com\/fr\/wp-json\/wp\/v2\/users\/2"}],"replies":[{"embeddable":true,"href":"https:\/\/www.europesays.com\/fr\/wp-json\/wp\/v2\/comments?post=251238"}],"version-history":[{"count":0,"href":"https:\/\/www.europesays.com\/fr\/wp-json\/wp\/v2\/posts\/251238\/revisions"}],"wp:featuredmedia":[{"embeddable":true,"href":"https:\/\/www.europesays.com\/fr\/wp-json\/wp\/v2\/media\/251239"}],"wp:attachment":[{"href":"https:\/\/www.europesays.com\/fr\/wp-json\/wp\/v2\/media?parent=251238"}],"wp:term":[{"taxonomy":"category","embeddable":true,"href":"https:\/\/www.europesays.com\/fr\/wp-json\/wp\/v2\/categories?post=251238"},{"taxonomy":"post_tag","embeddable":true,"href":"https:\/\/www.europesays.com\/fr\/wp-json\/wp\/v2\/tags?post=251238"}],"curies":[{"name":"wp","href":"https:\/\/api.w.org\/{rel}","templated":true}]}}