{"id":251242,"date":"2025-07-16T12:03:12","date_gmt":"2025-07-16T12:03:12","guid":{"rendered":"https:\/\/www.europesays.com\/fr\/251242\/"},"modified":"2025-07-16T12:03:12","modified_gmt":"2025-07-16T12:03:12","slug":"municipales-2026-nous-strasbourg-lassociation-apolitique-qui-veut-questionner-les-candidats","status":"publish","type":"post","link":"https:\/\/www.europesays.com\/fr\/251242\/","title":{"rendered":"Municipales 2026. Nous Strasbourg, l&rsquo;association apolitique qui veut questionner les candidats"},"content":{"rendered":"<p>\u00ab\u00a0Nous voulons interpeller d\u00e8s aujourd\u2019hui les <a href=\"https:\/\/www.dna.fr\/d\/municipales-2026-a-strasbourg-premiers-mouvements-des-candidats-potentiels-855b6493-b7cc-4fc7-a6c0-7bcf64fc4fef\" target=\"_blank\" rel=\"nofollow noopener\">candidats aux municipales\u00a0de\u00a0Strasbourg<\/a> sur les questions que se posent leurs \u00e9lecteurs\u00a0\u00bb, explique le secr\u00e9taire de l\u2019association Nous Strasbourg Fr\u00e9d\u00e9ric Cadiot. R\u00e9unis au Club de la presse ce vendredi 11\u00a0juillet, les membres du collectif cr\u00e9\u00e9 en mars dernier exposent le r\u00e9sultat de plusieurs mois de r\u00e9unions publiques dans lesquelles se sont r\u00e9unis des citoyens anonymes.<\/p>\n<p>  Interpeller les candidats autour de quatre grands th\u00e8mes<\/p>\n<p>Quinze r\u00e9unions. Une quinzaine de participants \u00e0 chaque fois. Et des questions qui reviennent sans cesse. L\u2019association les a regroup\u00e9es en quatre grands th\u00e8mes\u00a0: la d\u00e9mocratie participative, l\u2019\u00e9cologie, les mobilit\u00e9s et la ville solidaire. \u00ab\u00a0Nous voulons poser des questions claires et pr\u00e9cises pour \u00e9valuer les solutions apport\u00e9es par chaque candidat\u00a0\u00bb, compl\u00e8te Yves Sager, pr\u00e9sident de Nous Strasbourg. L\u2019association se veut apolitique et a recueilli les questions des participants aux r\u00e9unions de mani\u00e8re anonyme et sans demander leur opinion.<\/p>\n<p>  Une liste en 2026\u00a0?<\/p>\n<p>Les membres du collectif veulent \u00e9valuer les r\u00e9ponses apport\u00e9es en \u00e9cartant les sympathies politiques de chacun, pourtant multiples au sein de l\u2019association. \u00ab\u00a0Le but n\u2019est pas de sortir des id\u00e9es de notre chapeau mais d\u2019inviter des gens de tous horizons autour de la table\u00a0\u00bb, estime <a href=\"https:\/\/www.dna.fr\/edition-strasbourg\/2020\/02\/15\/chantal-cutajar-devoile-55-noms-de-la-liste-citoyens-engages\" target=\"_blank\" rel=\"nofollow noopener\">Dominique B\u00e9zu<\/a>, vice-pr\u00e9sident du collectif.<\/p>\n<p>Rien n\u2019est encore d\u00e9cid\u00e9 sur le chemin \u00e0 prendre apr\u00e8s l\u2019examen des r\u00e9ponses mais il \u00e9voque d\u00e9j\u00e0 trois possibilit\u00e9s\u00a0: \u00ab\u00a0Ne rien faire, se rapprocher du candidat qui aura le mieux r\u00e9pondu ou monter notre propre liste\u00a0\u00bb.<\/p>\n","protected":false},"excerpt":{"rendered":"\u00ab\u00a0Nous voulons interpeller d\u00e8s aujourd\u2019hui les candidats aux municipales\u00a0de\u00a0Strasbourg sur les questions que se posent leurs \u00e9lecteurs\u00a0\u00bb, explique&hellip;\n","protected":false},"author":2,"featured_media":251243,"comment_status":"","ping_status":"","sticky":false,"template":"","format":"standard","meta":{"footnotes":""},"categories":[2820],"tags":[1111,11,2880,5949,4188,1777,674,107,1011,27,775,12,316,25,640,2879],"class_list":{"0":"post-251242","1":"post","2":"type-post","3":"status-publish","4":"format-standard","5":"has-post-thumbnail","7":"category-strasbourg","8":"tag-actu","9":"tag-actualites","10":"tag-edition-strasbourg","11":"tag-elections","12":"tag-elections-municipales","13":"tag-eu","14":"tag-europe","15":"tag-fil-info","16":"tag-fr","17":"tag-france","18":"tag-grand-est","19":"tag-news","20":"tag-politique","21":"tag-republique-francaise","22":"tag-strasbourg","23":"tag-strasbourg-ville"},"share_on_mastodon":{"url":"https:\/\/pubeurope.com\/@fr\/114862817528596232","error":""},"_links":{"self":[{"href":"https:\/\/www.europesays.com\/fr\/wp-json\/wp\/v2\/posts\/251242","targetHints":{"allow":["GET"]}}],"collection":[{"href":"https:\/\/www.europesays.com\/fr\/wp-json\/wp\/v2\/posts"}],"about":[{"href":"https:\/\/www.europesays.com\/fr\/wp-json\/wp\/v2\/types\/post"}],"author":[{"embeddable":true,"href":"https:\/\/www.europesays.com\/fr\/wp-json\/wp\/v2\/users\/2"}],"replies":[{"embeddable":true,"href":"https:\/\/www.europesays.com\/fr\/wp-json\/wp\/v2\/comments?post=251242"}],"version-history":[{"count":0,"href":"https:\/\/www.europesays.com\/fr\/wp-json\/wp\/v2\/posts\/251242\/revisions"}],"wp:featuredmedia":[{"embeddable":true,"href":"https:\/\/www.europesays.com\/fr\/wp-json\/wp\/v2\/media\/251243"}],"wp:attachment":[{"href":"https:\/\/www.europesays.com\/fr\/wp-json\/wp\/v2\/media?parent=251242"}],"wp:term":[{"taxonomy":"category","embeddable":true,"href":"https:\/\/www.europesays.com\/fr\/wp-json\/wp\/v2\/categories?post=251242"},{"taxonomy":"post_tag","embeddable":true,"href":"https:\/\/www.europesays.com\/fr\/wp-json\/wp\/v2\/tags?post=251242"}],"curies":[{"name":"wp","href":"https:\/\/api.w.org\/{rel}","templated":true}]}}