{"id":251252,"date":"2025-07-16T12:08:10","date_gmt":"2025-07-16T12:08:10","guid":{"rendered":"https:\/\/www.europesays.com\/fr\/251252\/"},"modified":"2025-07-16T12:08:10","modified_gmt":"2025-07-16T12:08:10","slug":"apres-leur-disparition-inquietante-retour-a-nantes-pour-deux-adolescentes-retrouvees-a-marseille-et-en-espagne","status":"publish","type":"post","link":"https:\/\/www.europesays.com\/fr\/251252\/","title":{"rendered":"Apr\u00e8s leur disparition inqui\u00e9tante, retour \u00e0 Nantes pour deux adolescentes retrouv\u00e9es \u00e0 Marseille et en Espagne"},"content":{"rendered":"<p>Deux amies \u00e2g\u00e9es de 16 et 15 ans s\u2019\u00e9taient enfuies de leur domicile familial respectif, dans la nuit du 25 au 26 juin. Elles ont \u00e9t\u00e9 retrouv\u00e9es saines et sauves, apr\u00e8s trois semaines d\u2019une myst\u00e9rieuse cavale \u00e0 travers la France.<\/p>\n<p class=\"fig-paragraph\">Les circonstances pr\u00e9cises de leur cavale de trois semaines restent encore \u00e0 \u00e9claircir. Deux adolescentes port\u00e9es disparues\u00a0<a href=\"http:\/\/www.lefigaro.fr\/actualite-france\/disparitions-de-mineurs-la-fugue-est-la-principale-porte-d-entree-de-la-prostitution-20230524\" target=\"_blank\" data-fig-type=\"Article\" rel=\"noopener nofollow\" data-gtm-custom-categorie=\"navigation\" data-gtm-custom-action=\"crossclick\" data-gtm-custom-label=\"Contextuel\" data-gtm-event=\"customEventSPE\" data-fig-domain=\"LEFIGARO\">apr\u00e8s avoir fugu\u00e9<\/a>\u00a0de leur logement familial respectif,\u00a0<a href=\"https:\/\/www.lefigaro.fr\/nantes\" target=\"_blank\" data-fig-type=\"Section\" rel=\"noopener nofollow\" data-gtm-custom-categorie=\"navigation\" data-gtm-custom-action=\"crossclick\" data-gtm-custom-label=\"Contextuel\" data-gtm-event=\"customEventSPE\" data-fig-domain=\"LEFIGARO\">\u00e0 Nantes<\/a>\u00a0(Loire-Atlantique) et dans le nord du d\u00e9partement, dans la nuit du 25 au 26 juin, ont finalement \u00e9t\u00e9 retrouv\u00e9es mi-juillet, \u00e0 quelques jours d\u2019intervalle, indique la police nationale. Une premi\u00e8re adolescente, \u00e2g\u00e9e de 15 ans, a \u00e9t\u00e9 retrouv\u00e9e\u00a0<a href=\"https:\/\/www.lefigaro.fr\/marseille\" target=\"_blank\" data-fig-type=\"Section\" rel=\"noopener nofollow\" data-gtm-custom-categorie=\"navigation\" data-gtm-custom-action=\"crossclick\" data-gtm-custom-label=\"Contextuel\" data-gtm-event=\"customEventSPE\" data-fig-domain=\"LEFIGARO\">\u00e0 Marseille<\/a>\u00a0en fin de semaine derni\u00e8re. La seconde, \u00e2g\u00e9e de 16 ans, a pu \u00eatre rep\u00e9r\u00e9e en Espagne, mardi 15 juillet. Elles seraient toutes les deux saines et sauves, indiquent leurs familles.<\/p>\n<p class=\"fig-paragraph\">D\u00e9j\u00e0 connues des services de police pour de pr\u00e9c\u00e9dentes fugues, les deux amies &#8211; scolaris\u00e9es dans une m\u00eame maison familiale rurale &#8211; s\u2019\u00e9taient \u00e9clips\u00e9es sans piper mot \u00e0 leur entourage. Cette fuite a \u00e9t\u00e9 provoqu\u00e9e par une dispute violente entre l\u2019une des jeunes femmes et son p\u00e8re, qui lui avait confisqu\u00e9 son t\u00e9l\u00e9phone portable. L\u2019altercation avait n\u00e9cessit\u00e9 l\u2019intervention de la gendarmerie.<\/p>\n<p>                                    <a class=\"fig-a11y-skip a11y-hidden\" href=\"#fig-a11y-skip-main-inarticle\"><br \/>\n        Passer la publicit\u00e9<br \/>\n    <\/a><\/p>\n<p>Familles tr\u00e8s mobilis\u00e9es<\/p>\n<p class=\"fig-paragraph\">Une enqu\u00eate pour disparition inqui\u00e9tante avait \u00e9t\u00e9 ouverte, le 1er juillet, par le parquet de Nantes, quelques jours apr\u00e8s d\u2019ultimes t\u00e9moignages \u00e9voquant la pr\u00e9sence des adolescentes dans un bowling de Saint-S\u00e9bastien-sur-Loire, le 28 juin. Tr\u00e8s mobilis\u00e9es, les familles des deux jeunes femmes ont multipli\u00e9 les appels \u00e0 t\u00e9moignages sur les r\u00e9seaux sociaux dans l\u2019espoir de faciliter les retrouvailles avec les fugueuses. Le parquet de Nantes s\u2019\u00e9tait n\u00e9anmoins oblig\u00e9 de rappeler que les enqu\u00eateurs devaient pouvoir proc\u00e9der, en toute s\u00e9r\u00e9nit\u00e9, aux investigations habituelles.<\/p>\n<p class=\"fig-paragraph\">La plus jeune des deux adolescentes a finalement appel\u00e9 sa m\u00e8re depuis Marseille, dans la nuit du vendredi 11 au samedi 12 juillet. De retour \u00e0 Nantes d\u00e8s dimanche, elle a assur\u00e9 lors de son audition au commissariat s\u2019\u00eatre rendue \u00e0 dans les Bouches-du-Rh\u00f4ne par ses propres moyens. Elle se serait par ailleurs s\u00e9par\u00e9e de son amie dans la cit\u00e9 phoc\u00e9enne. Cette derni\u00e8re aurait alors gagn\u00e9 l\u2019Espagne dans des circonstances encore troubles. \u00abIl semble peu probable qu\u2019elles aient autant voyag\u00e9 par leurs seuls et propres moyens\u00bb, laisse entendre, mercredi matin, une source polici\u00e8re nantaise. Aux enqu\u00eateurs d\u2019essayer, d\u00e9sormais, de renouer le fil de leurs p\u00e9r\u00e9grinations.<\/p>\n","protected":false},"excerpt":{"rendered":"Deux amies \u00e2g\u00e9es de 16 et 15 ans s\u2019\u00e9taient enfuies de leur domicile familial respectif, dans la nuit&hellip;\n","protected":false},"author":2,"featured_media":251253,"comment_status":"","ping_status":"","sticky":false,"template":"","format":"standard","meta":{"footnotes":""},"categories":[2818],"tags":[1111,11,2715,1777,674,1011,27,886,766,12,2636,25],"class_list":{"0":"post-251252","1":"post","2":"type-post","3":"status-publish","4":"format-standard","5":"has-post-thumbnail","7":"category-nantes","8":"tag-actu","9":"tag-actualites","10":"tag-disparition","11":"tag-eu","12":"tag-europe","13":"tag-fr","14":"tag-france","15":"tag-fugue","16":"tag-nantes","17":"tag-news","18":"tag-pays-de-la-loire","19":"tag-republique-francaise"},"share_on_mastodon":{"url":"https:\/\/pubeurope.com\/@fr\/114862837258367978","error":""},"_links":{"self":[{"href":"https:\/\/www.europesays.com\/fr\/wp-json\/wp\/v2\/posts\/251252","targetHints":{"allow":["GET"]}}],"collection":[{"href":"https:\/\/www.europesays.com\/fr\/wp-json\/wp\/v2\/posts"}],"about":[{"href":"https:\/\/www.europesays.com\/fr\/wp-json\/wp\/v2\/types\/post"}],"author":[{"embeddable":true,"href":"https:\/\/www.europesays.com\/fr\/wp-json\/wp\/v2\/users\/2"}],"replies":[{"embeddable":true,"href":"https:\/\/www.europesays.com\/fr\/wp-json\/wp\/v2\/comments?post=251252"}],"version-history":[{"count":0,"href":"https:\/\/www.europesays.com\/fr\/wp-json\/wp\/v2\/posts\/251252\/revisions"}],"wp:featuredmedia":[{"embeddable":true,"href":"https:\/\/www.europesays.com\/fr\/wp-json\/wp\/v2\/media\/251253"}],"wp:attachment":[{"href":"https:\/\/www.europesays.com\/fr\/wp-json\/wp\/v2\/media?parent=251252"}],"wp:term":[{"taxonomy":"category","embeddable":true,"href":"https:\/\/www.europesays.com\/fr\/wp-json\/wp\/v2\/categories?post=251252"},{"taxonomy":"post_tag","embeddable":true,"href":"https:\/\/www.europesays.com\/fr\/wp-json\/wp\/v2\/tags?post=251252"}],"curies":[{"name":"wp","href":"https:\/\/api.w.org\/{rel}","templated":true}]}}