{"id":251267,"date":"2025-07-16T12:16:11","date_gmt":"2025-07-16T12:16:11","guid":{"rendered":"https:\/\/www.europesays.com\/fr\/251267\/"},"modified":"2025-07-16T12:16:11","modified_gmt":"2025-07-16T12:16:11","slug":"pourquoi-une-panne-informatique-oblige-a-fermer-lautoroute","status":"publish","type":"post","link":"https:\/\/www.europesays.com\/fr\/251267\/","title":{"rendered":"pourquoi une \u00ab\u00a0panne informatique\u00a0\u00bb oblige \u00e0 fermer l&rsquo;autoroute ?"},"content":{"rendered":"<p>Dur r\u00e9veil, pour les automobilistes marseillais, mercredi 16 juillet. Aux alentours de 4h30, une panne informatique a entra\u00een\u00e9 la fermeture de l&rsquo;autoroute A507, commun\u00e9ment appel\u00e9e \u00ab\u00a0rocade L2\u00a0\u00bb, qui relie <a href=\"https:\/\/www.laprovence.com\/article\/edition-marseille\/5733961\/l2-ceux-qui-rient-et-qui-pleurent.html\" target=\"_blank\" rel=\"noopener\">depuis 2018<\/a> l&rsquo;autoroute A7 \u00e0 l&rsquo;A50. Le trafic a d\u00fb <a href=\"https:\/\/www.laprovence.com\/article\/region\/8996539339821714\/rocade-l2-fermee-a-marseille-bouchons-itineraires-bis-comment-eviter-les-axes-satures\" target=\"_blank\" rel=\"noopener\">\u00eatre report\u00e9 sur les autres axes routiers<\/a>. \u00ab\u00a0Autoroute ferm\u00e9e\u00a0\u00bb, pouvait-on lire sur les barri\u00e8res coupant la circulation, \u00e0 c\u00f4t\u00e9 de panneaux indiquant un sens interdit.<\/p>\n","protected":false},"excerpt":{"rendered":"Dur r\u00e9veil, pour les automobilistes marseillais, mercredi 16 juillet. Aux alentours de 4h30, une panne informatique a entra\u00een\u00e9&hellip;\n","protected":false},"author":2,"featured_media":251268,"comment_status":"","ping_status":"","sticky":false,"template":"","format":"standard","meta":{"footnotes":""},"categories":[2814],"tags":[17,1111,11,39139,1777,674,1011,27,884,12,10899,7555,882,16,25,4797,3356,96],"class_list":{"0":"post-251267","1":"post","2":"type-post","3":"status-publish","4":"format-standard","5":"has-post-thumbnail","7":"category-marseille","8":"tag-17","9":"tag-actu","10":"tag-actualites","11":"tag-black-out","12":"tag-eu","13":"tag-europe","14":"tag-fr","15":"tag-france","16":"tag-marseille","17":"tag-news","18":"tag-panne","19":"tag-pourquoi","20":"tag-provence-alpes-cote-dazur","21":"tag-region","22":"tag-republique-francaise","23":"tag-rocade","24":"tag-sur","25":"tag-une"},"share_on_mastodon":{"url":"https:\/\/pubeurope.com\/@fr\/114862868616090761","error":""},"_links":{"self":[{"href":"https:\/\/www.europesays.com\/fr\/wp-json\/wp\/v2\/posts\/251267","targetHints":{"allow":["GET"]}}],"collection":[{"href":"https:\/\/www.europesays.com\/fr\/wp-json\/wp\/v2\/posts"}],"about":[{"href":"https:\/\/www.europesays.com\/fr\/wp-json\/wp\/v2\/types\/post"}],"author":[{"embeddable":true,"href":"https:\/\/www.europesays.com\/fr\/wp-json\/wp\/v2\/users\/2"}],"replies":[{"embeddable":true,"href":"https:\/\/www.europesays.com\/fr\/wp-json\/wp\/v2\/comments?post=251267"}],"version-history":[{"count":0,"href":"https:\/\/www.europesays.com\/fr\/wp-json\/wp\/v2\/posts\/251267\/revisions"}],"wp:featuredmedia":[{"embeddable":true,"href":"https:\/\/www.europesays.com\/fr\/wp-json\/wp\/v2\/media\/251268"}],"wp:attachment":[{"href":"https:\/\/www.europesays.com\/fr\/wp-json\/wp\/v2\/media?parent=251267"}],"wp:term":[{"taxonomy":"category","embeddable":true,"href":"https:\/\/www.europesays.com\/fr\/wp-json\/wp\/v2\/categories?post=251267"},{"taxonomy":"post_tag","embeddable":true,"href":"https:\/\/www.europesays.com\/fr\/wp-json\/wp\/v2\/tags?post=251267"}],"curies":[{"name":"wp","href":"https:\/\/api.w.org\/{rel}","templated":true}]}}