{"id":251269,"date":"2025-07-16T12:17:13","date_gmt":"2025-07-16T12:17:13","guid":{"rendered":"https:\/\/www.europesays.com\/fr\/251269\/"},"modified":"2025-07-16T12:17:13","modified_gmt":"2025-07-16T12:17:13","slug":"rhone-pretty-woman-les-tontons-flingueurs-un-ete-de-classiques-dans-les-salles-lyonnaises","status":"publish","type":"post","link":"https:\/\/www.europesays.com\/fr\/251269\/","title":{"rendered":"Rh\u00f4ne. Pretty Woman, Les Tontons flingueurs\u2026 un \u00e9t\u00e9 de classiques dans les salles lyonnaises"},"content":{"rendered":"<p>Com\u00e9dies romantiques, thrillers gla\u00e7ants, chefs-d\u2019\u0153uvre asiatiques ou dialogues l\u00e9gendaires\u00a0: cet \u00e9t\u00e9, les cin\u00e9mas lyonnais ressortent les grands classiques pour faire vibrer les spectateurs.<\/p>\n<p>Chez Path\u00e9, Julia Roberts est \u00e0 l\u2019honneur avec le cycle \u201cCin\u00e9 Hits\u201d Pretty Woman , com\u00e9die romantique embl\u00e9matique, sera projet\u00e9 le 24\u00a0juillet (Vaise \u00e0 21\u00a0heures, Bellecour et Carr\u00e9 de Soie \u00e0 20\u00a0h\u00a030). On y suit la rencontre&#8230;<\/p>\n","protected":false},"excerpt":{"rendered":"Com\u00e9dies romantiques, thrillers gla\u00e7ants, chefs-d\u2019\u0153uvre asiatiques ou dialogues l\u00e9gendaires\u00a0: cet \u00e9t\u00e9, les cin\u00e9mas lyonnais ressortent les grands classiques&hellip;\n","protected":false},"author":2,"featured_media":251270,"comment_status":"","ping_status":"","sticky":false,"template":"","format":"standard","meta":{"footnotes":""},"categories":[1889],"tags":[1111,11,2430,650,1687,2757,1777,674,1011,27,2428,2756,12,25,2429],"class_list":{"0":"post-251269","1":"post","2":"type-post","3":"status-publish","4":"format-standard","5":"has-post-thumbnail","7":"category-lyon","8":"tag-actu","9":"tag-actualites","10":"tag-auvergne-rhone-alpes","11":"tag-cinema","12":"tag-culture-loisirs","13":"tag-edition-lyon-villeurbanne","14":"tag-eu","15":"tag-europe","16":"tag-fr","17":"tag-france","18":"tag-lyon","19":"tag-lyon-bassin","20":"tag-news","21":"tag-republique-francaise","22":"tag-rhone"},"share_on_mastodon":{"url":"https:\/\/pubeurope.com\/@fr\/114862872564924396","error":""},"_links":{"self":[{"href":"https:\/\/www.europesays.com\/fr\/wp-json\/wp\/v2\/posts\/251269","targetHints":{"allow":["GET"]}}],"collection":[{"href":"https:\/\/www.europesays.com\/fr\/wp-json\/wp\/v2\/posts"}],"about":[{"href":"https:\/\/www.europesays.com\/fr\/wp-json\/wp\/v2\/types\/post"}],"author":[{"embeddable":true,"href":"https:\/\/www.europesays.com\/fr\/wp-json\/wp\/v2\/users\/2"}],"replies":[{"embeddable":true,"href":"https:\/\/www.europesays.com\/fr\/wp-json\/wp\/v2\/comments?post=251269"}],"version-history":[{"count":0,"href":"https:\/\/www.europesays.com\/fr\/wp-json\/wp\/v2\/posts\/251269\/revisions"}],"wp:featuredmedia":[{"embeddable":true,"href":"https:\/\/www.europesays.com\/fr\/wp-json\/wp\/v2\/media\/251270"}],"wp:attachment":[{"href":"https:\/\/www.europesays.com\/fr\/wp-json\/wp\/v2\/media?parent=251269"}],"wp:term":[{"taxonomy":"category","embeddable":true,"href":"https:\/\/www.europesays.com\/fr\/wp-json\/wp\/v2\/categories?post=251269"},{"taxonomy":"post_tag","embeddable":true,"href":"https:\/\/www.europesays.com\/fr\/wp-json\/wp\/v2\/tags?post=251269"}],"curies":[{"name":"wp","href":"https:\/\/api.w.org\/{rel}","templated":true}]}}