{"id":251271,"date":"2025-07-16T12:18:16","date_gmt":"2025-07-16T12:18:16","guid":{"rendered":"https:\/\/www.europesays.com\/fr\/251271\/"},"modified":"2025-07-16T12:18:16","modified_gmt":"2025-07-16T12:18:16","slug":"le-motocycliste-a-ete-ecroue","status":"publish","type":"post","link":"https:\/\/www.europesays.com\/fr\/251271\/","title":{"rendered":"le motocycliste a \u00e9t\u00e9 \u00e9crou\u00e9"},"content":{"rendered":"<p>Alors que la mort du jeune Kilyan, tu\u00e9 dans un accident de la circulation dimanche 13\u00a0juillet \u00e0 V\u00e9nissieux suscite toujours une vive \u00e9motion dans son quartier, et que les circonstances de l\u2019accident font l\u2019objet de nombreux questionnements, le parquet de Lyon indique ce mercredi que le conducteur de la moto impliqu\u00e9e dans l\u2019accident a \u00e9t\u00e9 plac\u00e9 en d\u00e9tention provisoire.<\/p>\n<p>Selon le parquet, Kilyan, \u00e2g\u00e9 de 17 ans \u00ab\u00a0conduisant une draisienne \u00e9lectrique\u00a0\u00bb quand il a \u00e9t\u00e9 percut\u00e9 par le conducteur d\u2019une moto, au carrefour de l\u2019avenue Marcel Cachin et de l\u2019avenue des Martyrs de la R\u00e9sistance.<\/p>\n<p>\u00a0Le motocycliste a \u00e9t\u00e9 imm\u00e9diatement interpell\u00e9 et plac\u00e9 en garde \u00e0 vue. Il conduisait en \u00e9tat alcoolique, sans permis de conduire ni assurance.<\/p>\n<p>  Le motocycliste \u00e9crou\u00e9<\/p>\n<p>Il a \u00e9t\u00e9 pr\u00e9sent\u00e9 hier par le parquet de Lyon \u00e0 un juge d\u2019instruction, dans le cadre d\u2019une information judiciaire ouverte pour \u00ab\u00a0homicide routier aggrav\u00e9 par deux circonstances (conduite en \u00e9tat alcoolique et sans permis de conduire) et de d\u00e9faut d\u2019assurance\u00a0\u00bb.<\/p>\n<p>Les investigations se poursuivent d\u00e9sormais sous l\u2019autorit\u00e9 du magistrat instructeur, afin d\u2019\u00e9tablir les circonstances exactes de ce dramatique accident. \u00c0 ce stade, l\u2019information relay\u00e9e par les r\u00e9seaux sociaux, selon laquelle une voiture dans laquelle se trouvaient deux jeunes filles aurait provoqu\u00e9 l\u2019accident en percutant la moto, n\u2019est pas confirm\u00e9e.<\/p>\n<p>  Des habitants boulevers\u00e9s<\/p>\n<p>Sur les lieux de l\u2019accident, des peluches, des dessins d\u2019enfants, des fleurs et des bougies us\u00e9es encerclent un arbre \u00e0 l\u2019angle de l\u2019intersection qui a co\u00fbt\u00e9 la vie \u00e0 Kylian, ce dimanche 13\u00a0juillet. La mort de cet \u00ab\u00a0enfant du quartier\u00a0\u00bb a secou\u00e9 l\u2019ensemble des Minguettes. \u00ab\u00a0Un ange parti trop t\u00f4t\u00a0\u00bb, lit-on sur cet autel install\u00e9 par la famille. Des mots de condol\u00e9ances, adress\u00e9s \u00e0 ses proches. Mais aussi des appels \u00e0 ce que \u00ab\u00a0justice soit faite\u00a0\u00bb.<\/p>\n<p>Ce contenu est bloqu\u00e9 car vous n&rsquo;avez pas accept\u00e9 les cookies et autres traceurs.<\/p>\n<p>En cliquant sur \u00ab J\u2019accepte \u00bb, les cookies et autres traceurs seront d\u00e9pos\u00e9s et vous pourrez visualiser les contenus  (<a href=\"\" class=\"consentModule_policy\" target=\"_blank\" title=\"Consulter la politique de protection des donn\u00e9es du fournisseur\">plus d&rsquo;informations<\/a>).<\/p>\n<p>En cliquant sur \u00ab J\u2019accepte tous les cookies \u00bb, vous autorisez des d\u00e9p\u00f4ts de cookies et autres traceurs pour le stockage de vos donn\u00e9es sur nos sites et applications \u00e0 des fins de personnalisation et de ciblage publicitaire.<\/p>\n<p class=\"consentModule_secondaryText\">Vous gardez la possibilit\u00e9 de retirer votre consentement \u00e0 tout moment en consultant notre <a href=\"https:\/\/www.leprogres.fr\/protection-des-donnees\" target=\"_blank\" title=\"Consulter notre politique de protection des donn\u00e9es\" rel=\"noopener\">politique de protection des donn\u00e9es<\/a>. <br \/>&#13;<br \/>\n            <a href=\"https:\/\/www.leprogres.fr\/faits-divers-justice\/2025\/07\/16\/javascript:Didomi.notice.show()\" class=\"consentModule_cmp\" target=\"_blank\" rel=\"noopener\">G\u00e9rer mes choix<\/a>&#13;\n        <\/p>\n<p>&#13;<br \/>\n                        J&rsquo;accepte&#13;<br \/>\n            J&rsquo;accepte tous les cookies&#13;\n        <\/p>\n<p>Les passants s\u2019arr\u00eatent, la mine sombre. \u00ab\u00a0Si jeune, c\u2019est malheureux\u00a0\u00bb, souffle une m\u00e8re de famille qui habite juste \u00e0 c\u00f4t\u00e9. \u00ab\u00a0Ils ont enlev\u00e9 la photo, indique une autre riveraine. On le voyait l\u00e0 au centre avec la s\u0153ur\u00a0\u00bb. Elle \u00e9tait l\u00e0, quelques instants apr\u00e8s l\u2019accident\u00a0: \u00ab\u00a0Ma fille a entendu un grand bruit. Quand je suis descendue au tram, il y avait les pompiers et la police. Le jeune \u00e9tait allong\u00e9 sur les voies, le motard, juste l\u00e0\u00a0\u00bb.<\/p>\n<p>Elle pointe la rue toute proche de l\u2019arr\u00eat de bus. Une tache de sable est encore visible sur le passage du tramway. \u00ab\u00a0C\u2019\u00e9tait affreux, se rappelle-t-elle, j\u2019ai pleur\u00e9 quand il est mort. Je pense \u00e0 sa maman, c\u2019est elle qui souffre. \u00bb<\/p>\n","protected":false},"excerpt":{"rendered":"Alors que la mort du jeune Kilyan, tu\u00e9 dans un accident de la circulation dimanche 13\u00a0juillet \u00e0 V\u00e9nissieux&hellip;\n","protected":false},"author":2,"featured_media":251272,"comment_status":"","ping_status":"","sticky":false,"template":"","format":"standard","meta":{"footnotes":""},"categories":[1889],"tags":[119,1111,11,2430,271,272,3152,1777,674,274,107,1011,27,2428,12,25,2429,4375,4407],"class_list":{"0":"post-251271","1":"post","2":"type-post","3":"status-publish","4":"format-standard","5":"has-post-thumbnail","7":"category-lyon","8":"tag-accident","9":"tag-actu","10":"tag-actualites","11":"tag-auvergne-rhone-alpes","12":"tag-crime","13":"tag-delit-et-contravention","14":"tag-edition-est-lyonnais","15":"tag-eu","16":"tag-europe","17":"tag-faits-divers-justice","18":"tag-fil-info","19":"tag-fr","20":"tag-france","21":"tag-lyon","22":"tag-news","23":"tag-republique-francaise","24":"tag-rhone","25":"tag-venissieux","26":"tag-venissieux-bassin"},"share_on_mastodon":{"url":"https:\/\/pubeurope.com\/@fr\/114862876487185734","error":""},"_links":{"self":[{"href":"https:\/\/www.europesays.com\/fr\/wp-json\/wp\/v2\/posts\/251271","targetHints":{"allow":["GET"]}}],"collection":[{"href":"https:\/\/www.europesays.com\/fr\/wp-json\/wp\/v2\/posts"}],"about":[{"href":"https:\/\/www.europesays.com\/fr\/wp-json\/wp\/v2\/types\/post"}],"author":[{"embeddable":true,"href":"https:\/\/www.europesays.com\/fr\/wp-json\/wp\/v2\/users\/2"}],"replies":[{"embeddable":true,"href":"https:\/\/www.europesays.com\/fr\/wp-json\/wp\/v2\/comments?post=251271"}],"version-history":[{"count":0,"href":"https:\/\/www.europesays.com\/fr\/wp-json\/wp\/v2\/posts\/251271\/revisions"}],"wp:featuredmedia":[{"embeddable":true,"href":"https:\/\/www.europesays.com\/fr\/wp-json\/wp\/v2\/media\/251272"}],"wp:attachment":[{"href":"https:\/\/www.europesays.com\/fr\/wp-json\/wp\/v2\/media?parent=251271"}],"wp:term":[{"taxonomy":"category","embeddable":true,"href":"https:\/\/www.europesays.com\/fr\/wp-json\/wp\/v2\/categories?post=251271"},{"taxonomy":"post_tag","embeddable":true,"href":"https:\/\/www.europesays.com\/fr\/wp-json\/wp\/v2\/tags?post=251271"}],"curies":[{"name":"wp","href":"https:\/\/api.w.org\/{rel}","templated":true}]}}