{"id":251277,"date":"2025-07-16T12:21:10","date_gmt":"2025-07-16T12:21:10","guid":{"rendered":"https:\/\/www.europesays.com\/fr\/251277\/"},"modified":"2025-07-16T12:21:10","modified_gmt":"2025-07-16T12:21:10","slug":"lourds-degats-apres-lincendie-dun-immeuble-en-chantier-a-paris","status":"publish","type":"post","link":"https:\/\/www.europesays.com\/fr\/251277\/","title":{"rendered":"lourds d\u00e9g\u00e2ts apr\u00e8s l&rsquo;incendie d&rsquo;un immeuble en chantier \u00e0 Paris"},"content":{"rendered":"<p>            Par<br \/>\n        <strong><br \/>\n            <a href=\"https:\/\/actu.fr\/auteur\/antoine-blanchet\" title=\"Consulter tous les articles de Antoine Blanchet\" rel=\"nofollow noopener\" target=\"_blank\">Antoine Blanchet<\/a><br \/>\n        <\/strong><\/p>\n<p>        Publi\u00e9 le<\/p>\n<p>            16 juil. 2025 \u00e0 13h58        <\/p>\n<p>Au caf\u00e9 Le Repaire, le tintement des tasses de caf\u00e9 vient de se faire entendre alors qu\u2019une l\u00e9g\u00e8re odeur de br\u00fbl\u00e9 se fait encore sentir. Ce mercredi 16\u00a0juillet 2025, en fin de matin\u00e9e, la brasserie <strong>situ\u00e9e avenue Daumesnil<\/strong> \u00e0 <a href=\"https:\/\/actu.fr\/paris\/\" rel=\"nofollow noopener\" target=\"_blank\">Paris<\/a> peut enfin accueillir des clients. Seul hic, une partie de l\u2019\u00e9tablissement n\u2019est pas accessible. La raison\u2009: un camion de pompiers est pr\u00e9sent dans la rue perpendiculaire. La veille,<strong> rue du Charolais<\/strong>, un <a href=\"https:\/\/actu.fr\/ile-de-france\/paris_75056\/incendie-en-cours-a-paris-des-explosions-entendues-les-pompiers-sur-place_62914914.html\" rel=\"nofollow noopener\" target=\"_blank\">incendie a ravag\u00e9 un immeuble de huit \u00e9tages<\/a> en construction. Aucun bless\u00e9 n\u2019a \u00e9t\u00e9 \u00e0 d\u00e9plorer.<\/p>\n<p>Des origines encore inconnues<\/p>\n<p class=\" wall-content\">Si le feu, qui a d\u00e9but\u00e9 dans l\u2019apr\u00e8s-midi, a \u00e9t\u00e9 circonscrit, l\u2019incertitude r\u00e8gne encore. \u00ab\u2009On ne sait pas si l\u2019immeuble va s\u2019effondrer. Mais plus les heures passent, plus c\u2019est rassurant\u2009\u00bb, affirme<strong> Emmanuelle Pierre-Marie<\/strong>, maire du 12e arrondissement (EELV) qui \u00e9tait pr\u00e9sente sur les lieux ce mercredi matin.<\/p>\n<p class=\" wall-content\">Comme l\u2019explique l\u2019\u00e9dile, les soldats du feu ont pour consigne de rester 48\u00a0heures pr\u00e8s du lieu de l\u2019incendie, afin de pouvoir intervenir en cas de nouveau feu. Au total, <a href=\"https:\/\/actu.fr\/tag\/brigade-de-sapeurs-pompiers-de-paris\" rel=\"nofollow noopener\" target=\"_blank\"><strong>180 pompiers ont \u00e9t\u00e9 mobilis\u00e9s<\/strong><\/a> pour \u00e9teindre le brasier. \u00ab\u2009On ne sait pas pour le moment quelle est son origine\u2009\u00bb, d\u00e9clare Emmanuelle Pierre-Marie. Lors de l\u2019intervention, un drone a \u00e9t\u00e9 utilis\u00e9 afin de permettre une vue d\u2019ensemble.<\/p>\n<p>\u00ab\u2009Ma fille est rest\u00e9e quatre heures dehors\u2009\u00bb<\/p>\n<p class=\" wall-content\">En d\u00e9but de soir\u00e9e, une partie du secteur a d\u00fb \u00eatre en partie boucl\u00e9 entre la rue de Montgallet et la rue de Rambouillet. Plusieurs commerces dont le Lidl et le Leroy Merlin ont \u00e9t\u00e9 \u00e9vacu\u00e9s. M\u00eame chose pour un appart h\u00f4tel. \u00ab\u2009La plupart des habitants proches ont \u00e9t\u00e9 confin\u00e9s chez eux avec les fen\u00eatres ferm\u00e9es. M\u00eame chose <strong>pour un Ehpad situ\u00e9 non loin<\/strong>. On a ouvert un gymnase pour que ceux qui \u00e9taient bloqu\u00e9s dehors puissent y passer la nuit. Mais finalement, le feu a \u00e9t\u00e9 s\u00e9curis\u00e9 et on a pu les faire rentrer chez eux au compte-goutte jusqu\u2019\u00e0 minuit\u2009\u00bb, relate la maire.<\/p>\n<p class=\" wall-content\">\u00ab\u2009Je me suis retrouv\u00e9 bloqu\u00e9 dehors, je n\u2019avais m\u00eame pas de cl\u00e9s sur moi. Un policier m\u2019a accompagn\u00e9 vers un parking et j\u2019ai pu revenir r\u00e9cup\u00e9rer mes affaires vers 23\u00a0heures\u2009\u00bb, relate un commer\u00e7ant. Une habitante d\u2019un immeuble voisin du b\u00e2timent raconte aussi ce confinement soudain\u2009: \u00ab\u2009Il y avait une forte odeur de br\u00fbl\u00e9. J\u2019ai vu l\u2019incendie par la fen\u00eatre et j\u2019ai pr\u00e9venu les voisins. Les pompiers sont venus et nous ont dit de ne pas sortir. Ma fille qui \u00e9tait sortie \u00e0 la pharmacie est rest\u00e9e bloqu\u00e9e pendant quatre heures\u2009\u00bb.<\/p>\n<p>Le premier immeuble d\u2019un nouveau quartier<\/p>\n<p class=\" wall-content\">L\u2019incendie est un coup dur pour le nouveau quartier de la Messagerie. L\u2019immeuble d\u00e9truit par les flammes devait \u00eatre le premier de cette ancienne <a href=\"https:\/\/actu.fr\/tag\/sncf\" rel=\"nofollow noopener\" target=\"_blank\">friche SNCF<\/a> de 6 hectares transform\u00e9e en \u00e9coquartier avec cr\u00e8che et commerces. La construction avait \u00e9t\u00e9 inaugur\u00e9e par la maire \u00e0 l\u2019automne 2024. \u00ab\u2009Le b\u00e2timent devait \u00eatre bient\u00f4t livr\u00e9. Le gros \u0153uvre devait se terminer dans deux jours\u2009\u00bb, explique l\u2019\u00e9dile.<\/p>\n<p class=\" wall-content\">Dans le quartier, les gyrophares r\u00e9sonnent comme un \u00e9cho. \u00ab\u2009D\u00e9cid\u00e9ment\u2026 Il y a eu <a href=\"https:\/\/actu.fr\/ile-de-france\/paris_75056\/paris-deux-mois-apres-l-incendie-de-sa-mairie-le-12e-arrondissement-peut-enfin-percevoir-les-dons-recus_62497450.html\" rel=\"nofollow noopener\" target=\"_blank\">la mairie du 12\u1d49<\/a>\u00a0puis un autre incendie juste \u00e0 c\u00f4t\u00e9\u2009\u00bb, r\u00e9agit une habitante. Si l\u2019inqui\u00e9tude semble s\u2019\u00eatre estomp\u00e9e, l\u2019heure est \u00e0 la reconnaissance pour les soldats du feu\u2009: \u00ab\u2009Bravo aux pompiers\u2009! J\u2019ai voulu leur payer un caf\u00e9, mais ils avaient d\u00e9j\u00e0 ce qu\u2019il faut\u2009\u00bb, confie l\u2019habitante.<\/p>\n<p class=\" wall-content\">Suivez toute l\u2019actualit\u00e9 de vos villes et m\u00e9dias favoris en vous inscrivant \u00e0 <a href=\"https:\/\/moncompte.actu.fr\" title=\"D\u00e9couvez Mon Actu\" rel=\"nofollow noopener\" data-trk=\"{&quot;cta&quot;:{&quot;action&quot;:&quot;https:\\\/\\\/moncompte.actu.fr&quot;,&quot;category&quot;:&quot;mon compte&quot;,&quot;from&quot;:&quot;article footer&quot;,&quot;name&quot;:&quot;Mon actu&quot;,&quot;type&quot;:&quot;cta&quot;}}\" target=\"_blank\">Mon Actu<\/a>.<\/p>\n","protected":false},"excerpt":{"rendered":"Par Antoine Blanchet Publi\u00e9 le 16 juil. 2025 \u00e0 13h58 Au caf\u00e9 Le Repaire, le tintement des tasses&hellip;\n","protected":false},"author":2,"featured_media":251278,"comment_status":"","ping_status":"","sticky":false,"template":"","format":"standard","meta":{"footnotes":""},"categories":[1888],"tags":[1111,1928,11,1927,1777,674,118,1011,27,1310,12,1926,626,1925,25],"class_list":{"0":"post-251277","1":"post","2":"type-post","3":"status-publish","4":"format-standard","5":"has-post-thumbnail","7":"category-paris","8":"tag-actu","9":"tag-actu-paris","10":"tag-actualites","11":"tag-actualites-paris","12":"tag-eu","13":"tag-europe","14":"tag-faits-divers","15":"tag-fr","16":"tag-france","17":"tag-incendie","18":"tag-news","19":"tag-news-paris","20":"tag-paris","21":"tag-paris-news","22":"tag-republique-francaise"},"share_on_mastodon":{"url":"https:\/\/pubeurope.com\/@fr\/114862888372121055","error":""},"_links":{"self":[{"href":"https:\/\/www.europesays.com\/fr\/wp-json\/wp\/v2\/posts\/251277","targetHints":{"allow":["GET"]}}],"collection":[{"href":"https:\/\/www.europesays.com\/fr\/wp-json\/wp\/v2\/posts"}],"about":[{"href":"https:\/\/www.europesays.com\/fr\/wp-json\/wp\/v2\/types\/post"}],"author":[{"embeddable":true,"href":"https:\/\/www.europesays.com\/fr\/wp-json\/wp\/v2\/users\/2"}],"replies":[{"embeddable":true,"href":"https:\/\/www.europesays.com\/fr\/wp-json\/wp\/v2\/comments?post=251277"}],"version-history":[{"count":0,"href":"https:\/\/www.europesays.com\/fr\/wp-json\/wp\/v2\/posts\/251277\/revisions"}],"wp:featuredmedia":[{"embeddable":true,"href":"https:\/\/www.europesays.com\/fr\/wp-json\/wp\/v2\/media\/251278"}],"wp:attachment":[{"href":"https:\/\/www.europesays.com\/fr\/wp-json\/wp\/v2\/media?parent=251277"}],"wp:term":[{"taxonomy":"category","embeddable":true,"href":"https:\/\/www.europesays.com\/fr\/wp-json\/wp\/v2\/categories?post=251277"},{"taxonomy":"post_tag","embeddable":true,"href":"https:\/\/www.europesays.com\/fr\/wp-json\/wp\/v2\/tags?post=251277"}],"curies":[{"name":"wp","href":"https:\/\/api.w.org\/{rel}","templated":true}]}}