{"id":251279,"date":"2025-07-16T12:22:12","date_gmt":"2025-07-16T12:22:12","guid":{"rendered":"https:\/\/www.europesays.com\/fr\/251279\/"},"modified":"2025-07-16T12:22:12","modified_gmt":"2025-07-16T12:22:12","slug":"voici-le-prix-des-places","status":"publish","type":"post","link":"https:\/\/www.europesays.com\/fr\/251279\/","title":{"rendered":"voici le prix des places !"},"content":{"rendered":"<p><img decoding=\"async\" class=\"caas-img has-preview\" alt=\"Abaca\" bad-src=\"https:\/\/www.europesays.com\/fr\/wp-content\/uploads\/2025\/07\/5fa1424d729a69409dfd8449b2679c7b.jpeg\" src=\"https:\/\/www.europesays.com\/fr\/wp-content\/uploads\/2025\/07\/5fa1424d729a69409dfd8449b2679c7b.jpeg\"\/><\/p>\n<p>Abaca<\/p>\n<p>Abaca2025, ann\u00e9e du barde folk. Cet hiver, la musique de Bob Dylan a r\u00e9sonn\u00e9 aux quatre coins du globe gr\u00e2ce au biopic <a class=\"link \" href=\"https:\/\/www.chartsinfrance.net\/actualite\/news-131430.html\" rel=\"nofollow noopener\" target=\"_blank\" data-ylk=\"slk:&quot;Un parfait inconnu&quot;;elm:context_link;itc:0;sec:content-canvas\">\u00ab\u00a0Un parfait inconnu\u00a0\u00bb<\/a>. Port\u00e9 par Timoth\u00e9e Chalamet dans le r\u00f4le de la l\u00e9gende folk, le film a connu un v\u00e9ritable succ\u00e8s critique et public, avec notamment 140 millions de recettes mondiales et <a class=\"link \" href=\"https:\/\/www.chartsinfrance.net\/actualite\/news-131508.html\" rel=\"nofollow noopener\" target=\"_blank\" data-ylk=\"slk:un million d&#039;entr\u00e9es en France;elm:context_link;itc:0;sec:content-canvas\">un million d&rsquo;entr\u00e9es en France<\/a>. Et ce malgr\u00e9 un v\u00e9ritable snob aux Oscars, o\u00f9 il \u00e9tait pourtant nomm\u00e9 dans huit cat\u00e9gories. Qu&rsquo;\u00e0 cela ne tienne, le long-m\u00e9trage a pouss\u00e9 le public \u00e0 se replonger dans l&rsquo;oeuvre vertigineuse de Bob Dylan pour le plus grand plaisir du principal int\u00e9ress\u00e9. Actuellement sur les routes nord-am\u00e9ricaines, l&rsquo;infatigable musicien am\u00e9ricain de 81 ans annonce un nouveau volet europ\u00e9en \u00e0 sa tourn\u00e9e mondiale \u00ab\u00a0Rough and Rowdy Ways : The World Wide Tour\u00a0\u00bb, qui dure depuis fin 2021. <br \/>Attendu \u00e0 Bruxelles, Stockholm, Amsterdam, Belfast ou Dublin, Bob Dylan posera ses valises \u00e0 Paris pour deux dates exceptionnelles au Palais des Congr\u00e8s les 30 et 31 octobre prochains. Une pr\u00e9vente est actuellement programm\u00e9e jusqu&rsquo;\u00e0 jeudi 17, avant une mise en vente g\u00e9n\u00e9rale. Et les prix sont connus : pour applaudir l&rsquo;une des derni\u00e8res l\u00e9gendes vivantes de la musique folk, il faudra d\u00e9bourser au minimum 78,50 euros pour les places les plus \u00e9loign\u00e9es de la sc\u00e8ne. Ensuite, les tarifs s&rsquo;\u00e9chelonnent entre 100 et 166,50 euros pour la Cat\u00e9gorie Diamant, soit les tickets les mieux plac\u00e9s. <a class=\"link \" href=\"https:\/\/tidd.ly\/4ltADUH\" rel=\"nofollow noopener\" target=\"_blank\" data-ylk=\"slk:Achetez vos places pour les concerts parisiens de Bob Dylan !;elm:context_link;itc:0;sec:content-canvas\">Achetez vos places pour les concerts parisiens de Bob Dylan !<\/a><br \/>\u00c0 son habitude, ces nouveaux shows du Prix Nobel de Litt\u00e9rature devraient avoir lieu Cliquez ici pour voir la suite<\/p>\n<p>A lire aussi :<\/p>\n<p><a href=\"https:\/\/www.chartsinfrance.net\/Bob-Dylan\/news-131676.html\" rel=\"nofollow noopener\" target=\"_blank\" data-ylk=\"slk:Bob Dylan : le biopic entre dans l&#039;histoire !;elm:context_link;itc:0;sec:content-canvas\" class=\"link \">Bob Dylan : le biopic entre dans l&rsquo;histoire !<\/a><br \/><a href=\"https:\/\/www.chartsinfrance.net\/Bob-Dylan\/news-131508.html\" rel=\"nofollow noopener\" target=\"_blank\" data-ylk=\"slk:&quot;Un parfait inconnu&quot; : le box-office fran\u00e7ais !;elm:context_link;itc:0;sec:content-canvas\" class=\"link \">\u00ab\u00a0Un parfait inconnu\u00a0\u00bb : le box-office fran\u00e7ais !<\/a><br \/><a href=\"https:\/\/www.chartsinfrance.net\/Bob-Dylan\/news-131447.html\" rel=\"nofollow noopener\" target=\"_blank\" data-ylk=\"slk:Bob Dylan : le box-office du film &quot;Un parfait inconnu&quot;;elm:context_link;itc:0;sec:content-canvas\" class=\"link \">Bob Dylan : le box-office du film \u00ab\u00a0Un parfait inconnu\u00a0\u00bb<\/a><\/p>\n","protected":false},"excerpt":{"rendered":"Abaca Abaca2025, ann\u00e9e du barde folk. Cet hiver, la musique de Bob Dylan a r\u00e9sonn\u00e9 aux quatre coins&hellip;\n","protected":false},"author":2,"featured_media":251280,"comment_status":"","ping_status":"","sticky":false,"template":"","format":"standard","meta":{"footnotes":""},"categories":[1888],"tags":[31336,1111,1928,11,1927,19366,1777,674,1011,27,39142,12,1926,39141,626,1925,39140,25],"class_list":{"0":"post-251279","1":"post","2":"type-post","3":"status-publish","4":"format-standard","5":"has-post-thumbnail","7":"category-paris","8":"tag-abaca","9":"tag-actu","10":"tag-actu-paris","11":"tag-actualites","12":"tag-actualites-paris","13":"tag-bob-dylan","14":"tag-eu","15":"tag-europe","16":"tag-fr","17":"tag-france","18":"tag-musique-folk","19":"tag-news","20":"tag-news-paris","21":"tag-palais-des-congres","22":"tag-paris","23":"tag-paris-news","24":"tag-prix-nobel-de-litterature","25":"tag-republique-francaise"},"share_on_mastodon":{"url":"https:\/\/pubeurope.com\/@fr\/114862892584439421","error":""},"_links":{"self":[{"href":"https:\/\/www.europesays.com\/fr\/wp-json\/wp\/v2\/posts\/251279","targetHints":{"allow":["GET"]}}],"collection":[{"href":"https:\/\/www.europesays.com\/fr\/wp-json\/wp\/v2\/posts"}],"about":[{"href":"https:\/\/www.europesays.com\/fr\/wp-json\/wp\/v2\/types\/post"}],"author":[{"embeddable":true,"href":"https:\/\/www.europesays.com\/fr\/wp-json\/wp\/v2\/users\/2"}],"replies":[{"embeddable":true,"href":"https:\/\/www.europesays.com\/fr\/wp-json\/wp\/v2\/comments?post=251279"}],"version-history":[{"count":0,"href":"https:\/\/www.europesays.com\/fr\/wp-json\/wp\/v2\/posts\/251279\/revisions"}],"wp:featuredmedia":[{"embeddable":true,"href":"https:\/\/www.europesays.com\/fr\/wp-json\/wp\/v2\/media\/251280"}],"wp:attachment":[{"href":"https:\/\/www.europesays.com\/fr\/wp-json\/wp\/v2\/media?parent=251279"}],"wp:term":[{"taxonomy":"category","embeddable":true,"href":"https:\/\/www.europesays.com\/fr\/wp-json\/wp\/v2\/categories?post=251279"},{"taxonomy":"post_tag","embeddable":true,"href":"https:\/\/www.europesays.com\/fr\/wp-json\/wp\/v2\/tags?post=251279"}],"curies":[{"name":"wp","href":"https:\/\/api.w.org\/{rel}","templated":true}]}}