{"id":25128,"date":"2025-04-14T20:28:12","date_gmt":"2025-04-14T20:28:12","guid":{"rendered":"https:\/\/www.europesays.com\/fr\/25128\/"},"modified":"2025-04-14T20:28:12","modified_gmt":"2025-04-14T20:28:12","slug":"les-injections-auront-lieu-dans-la-rue-a-paris-la-salle-de-shoot-va-t-elle-devoir-fermer-ses-portes","status":"publish","type":"post","link":"https:\/\/www.europesays.com\/fr\/25128\/","title":{"rendered":"\u00ab\u00a0Les injections auront lieu dans la rue\u00a0\u00bb\u00a0: \u00e0 Paris, la\u00a0salle de \u00ab\u00a0shoot\u00a0\u00bb va-t-elle devoir fermer ses portes\u00a0?"},"content":{"rendered":"<p class=\"paragraph text_align_left\">\u00ab Si la salle ferme, toutes ces injections auront lieu dans la rue, sans parler des infections ou des overdoses qui vont se multiplier \u00bb, pr\u00e9dit le docteur \u00c9lisabeth Avril, la directrice de ce lieu, g\u00e9r\u00e9 par l\u2019association Ga\u00efa. Un sc\u00e9nario qui pourrait se produire d\u00e8s le 1er janvier 2026. Car depuis 2016, cette structure ainsi qu\u2019une autre \u00e0 Strasbourg sont en phase d\u2019exp\u00e9rimentation. Un test, d\u00e9j\u00e0 repouss\u00e9 une premi\u00e8re fois en 2021, qui doit s\u2019achever le 31 d\u00e9cembre 2025.<\/p>\n","protected":false},"excerpt":{"rendered":"\u00ab Si la salle ferme, toutes ces injections auront lieu dans la rue, sans parler des infections ou&hellip;\n","protected":false},"author":2,"featured_media":25129,"comment_status":"","ping_status":"","sticky":false,"template":"","format":"standard","meta":{"footnotes":""},"categories":[1888],"tags":[11,459,1777,674,1011,27,1944,12,626,25],"class_list":{"0":"post-25128","1":"post","2":"type-post","3":"status-publish","4":"format-standard","5":"has-post-thumbnail","7":"category-paris","8":"tag-actualites","9":"tag-departements-horsidfo","10":"tag-eu","11":"tag-europe","12":"tag-fr","13":"tag-france","14":"tag-ma-ville","15":"tag-news","16":"tag-paris","17":"tag-republique-francaise"},"share_on_mastodon":{"url":"https:\/\/pubeurope.com\/@fr\/114338208499628761","error":""},"_links":{"self":[{"href":"https:\/\/www.europesays.com\/fr\/wp-json\/wp\/v2\/posts\/25128","targetHints":{"allow":["GET"]}}],"collection":[{"href":"https:\/\/www.europesays.com\/fr\/wp-json\/wp\/v2\/posts"}],"about":[{"href":"https:\/\/www.europesays.com\/fr\/wp-json\/wp\/v2\/types\/post"}],"author":[{"embeddable":true,"href":"https:\/\/www.europesays.com\/fr\/wp-json\/wp\/v2\/users\/2"}],"replies":[{"embeddable":true,"href":"https:\/\/www.europesays.com\/fr\/wp-json\/wp\/v2\/comments?post=25128"}],"version-history":[{"count":0,"href":"https:\/\/www.europesays.com\/fr\/wp-json\/wp\/v2\/posts\/25128\/revisions"}],"wp:featuredmedia":[{"embeddable":true,"href":"https:\/\/www.europesays.com\/fr\/wp-json\/wp\/v2\/media\/25129"}],"wp:attachment":[{"href":"https:\/\/www.europesays.com\/fr\/wp-json\/wp\/v2\/media?parent=25128"}],"wp:term":[{"taxonomy":"category","embeddable":true,"href":"https:\/\/www.europesays.com\/fr\/wp-json\/wp\/v2\/categories?post=25128"},{"taxonomy":"post_tag","embeddable":true,"href":"https:\/\/www.europesays.com\/fr\/wp-json\/wp\/v2\/tags?post=25128"}],"curies":[{"name":"wp","href":"https:\/\/api.w.org\/{rel}","templated":true}]}}