{"id":251281,"date":"2025-07-16T12:23:09","date_gmt":"2025-07-16T12:23:09","guid":{"rendered":"https:\/\/www.europesays.com\/fr\/251281\/"},"modified":"2025-07-16T12:23:09","modified_gmt":"2025-07-16T12:23:09","slug":"lorlyval-gratuit-tout-lete-pour-les-detenteurs-du-pass-navigo","status":"publish","type":"post","link":"https:\/\/www.europesays.com\/fr\/251281\/","title":{"rendered":"l&rsquo;Orlyval gratuit tout l&rsquo;\u00e9t\u00e9 pour les d\u00e9tenteurs du pass Navigo"},"content":{"rendered":"<p>            Par<br \/>\n        <strong><br \/>\n            <a href=\"https:\/\/actu.fr\/auteur\/redaction-paris\" title=\"Consulter tous les articles de R\u00e9daction Paris\" rel=\"nofollow noopener\" target=\"_blank\">R\u00e9daction Paris<\/a><br \/>\n        <\/strong><\/p>\n<p>        Publi\u00e9 le<\/p>\n<p>            16 juil. 2025 \u00e0 13h30        <\/p>\n<p>Abonn\u00e9s \u00e0 la semaine, au mois ou \u00e0 l\u2019ann\u00e9e, les d\u00e9tenteurs d\u2019un pass Navigo vont b\u00e9n\u00e9ficier d\u2019une compensation. <strong>Durant les travaux du <a href=\"https:\/\/actu.fr\/tag\/rer-b\" rel=\"nofollow noopener\" target=\"_blank\">RER B<\/a><\/strong>, la ligne est ferm\u00e9e entre la Croix de Berny (Hauts-de-Seine) et Massy Palaiseau (Essonne) depuis le 15\u00a0juillet et jusqu\u2019au 27\u00a0ao\u00fbt 2025. Durant cette p\u00e9riode, tous ceux qui poss\u00e8dent un abonnement au titre de transports franciliens sont \u00ab\u2009exceptionnellement autoris\u00e9s par \u00cele-de-France Mobilit\u00e9s (IDFM), \u00e0 <strong>emprunter <a href=\"https:\/\/actu.fr\/ile-de-france\/orly_94054\/tarif-nouvelles-gares-les-pistes-pour-moderniser-le-orlyval-en-difficulte-depuis-l-arrivee-de-la-ligne-14_61698644.html\" rel=\"nofollow noopener\" target=\"_blank\">la ligne Orlyval<\/a> sans surco\u00fbt<\/strong>\u2009\u00bb, a annonc\u00e9 IDFM dans un communiqu\u00e9. Gr\u00e2ce \u00e0 cette navette, les usagers pourront rejoindre la ligne 14 depuis Antony.<\/p>\n<p class=\" wall-content\"><a href=\"https:\/\/actu.fr\/ile-de-france\/paris_75056\/ratp-travaux-sur-le-rer-b-l-orlyval-gratuit-ce-week-end-pour-les-detenteurs-du-pass-navigo_62409083.html\" rel=\"nofollow noopener\" target=\"_blank\">La ligne avait d\u00e9j\u00e0 \u00e9t\u00e9 rendue gratuite<\/a> au mois de mars dernier \u00e0 cause des travaux lanc\u00e9s entre la station Denfert-Rochereau \u00e0 Paris, le Plessis-Robinson et la Croix de Berny.<\/p>\n<p>Un moyen de relancer l\u2019Orlyval<\/p>\n<p class=\" wall-content\">Cette mesure intervient apr\u00e8s des discussions engag\u00e9es entre <strong>diff\u00e9rentes associations d\u2019usagers et<\/strong> <strong>IDFM<\/strong>. \u00ab\u2009Nous avons \u00e9t\u00e9 entendus pour les usagers abonn\u00e9s. Dommage que la mesure n\u2019ait pas pu \u00eatre \u00e9tendue aux occasionnels\u2009\u00bb, regrette toutefois l\u2019une d\u2019elles.<\/p>\n<p class=\" wall-content\">\n<p class=\" wall-content\">Pour rappel, l\u2019Orlyval est un m\u00e9tro automatis\u00e9 permettant de relier les Hauts-de-Seine au hub val-de-marnais. Mais depuis le prolongement de la ligne 14, <strong>le trafic s\u2019est tari<\/strong>. Selon une \u00e9tude d\u2019A\u00e9roports de Paris (ADP), le nombre d\u2019usagers a chut\u00e9 de \u00ab\u200970 \u00e0 75\u2009%\u2009\u00bb l\u2019\u00e9t\u00e9 dernier. La quantit\u00e9 de voyageurs sur la ligne 14 a, elle en revanche, \u00e9t\u00e9 multipli\u00e9e par deux.<\/p>\n<p class=\" wall-content\">Et pour cause, le gain de temps est important. D\u2019un c\u00f4t\u00e9, 25\u00a0minutes pour relier Ch\u00e2telet \u00e0 Orly. De l\u2019autre, pr\u00e8s d\u2019une heure pour rallier l\u2019a\u00e9roport en partant de la station centrale \u00e0 Paris, en effectuant une correspondance via Antony. Et <a href=\"https:\/\/actu.fr\/tag\/grand-paris-express\" rel=\"nofollow noopener\" target=\"_blank\">le projet du Grand Paris Express<\/a> (GPE) risque d\u2019assombrir les perspectives de l\u2019Orlyval.<\/p>\n<p>Vid\u00e9os : en ce moment sur Actu<\/p>\n<p class=\" wall-content\">En 2027, la\u00a0ligne 18\u00a0desservira l\u2019a\u00e9roport d\u2019Orly, <strong>repr\u00e9sentant une nouvelle concurrence pour le service<\/strong>. Pour le moment, \u00cele-de-France-Mobilit\u00e9s n\u2019envisage de supprimer la ligne de m\u00e9tro automatis\u00e9e, qui repr\u00e9senterait un co\u00fbt estim\u00e9 entre\u00a0150 et 200\u00a0millions, selon une \u00e9tude.<\/p>\n<p class=\" wall-content\">Suivez toute l\u2019actualit\u00e9 de vos villes et m\u00e9dias favoris en vous inscrivant \u00e0 <a href=\"https:\/\/moncompte.actu.fr\" title=\"D\u00e9couvez Mon Actu\" rel=\"nofollow noopener\" data-trk=\"{&quot;cta&quot;:{&quot;action&quot;:&quot;https:\\\/\\\/moncompte.actu.fr&quot;,&quot;category&quot;:&quot;mon compte&quot;,&quot;from&quot;:&quot;article footer&quot;,&quot;name&quot;:&quot;Mon actu&quot;,&quot;type&quot;:&quot;cta&quot;}}\" target=\"_blank\">Mon Actu<\/a>.<\/p>\n","protected":false},"excerpt":{"rendered":"Par R\u00e9daction Paris Publi\u00e9 le 16 juil. 2025 \u00e0 13h30 Abonn\u00e9s \u00e0 la semaine, au mois ou \u00e0&hellip;\n","protected":false},"author":2,"featured_media":251282,"comment_status":"","ping_status":"","sticky":false,"template":"","format":"standard","meta":{"footnotes":""},"categories":[1888],"tags":[11,1777,674,1011,27,12,626,25,17235,104,2803,2086],"class_list":{"0":"post-251281","1":"post","2":"type-post","3":"status-publish","4":"format-standard","5":"has-post-thumbnail","7":"category-paris","8":"tag-actualites","9":"tag-eu","10":"tag-europe","11":"tag-fr","12":"tag-france","13":"tag-news","14":"tag-paris","15":"tag-republique-francaise","16":"tag-rer-b","17":"tag-societe","18":"tag-transport","19":"tag-travaux"},"share_on_mastodon":{"url":"https:\/\/pubeurope.com\/@fr\/114862896187293036","error":""},"_links":{"self":[{"href":"https:\/\/www.europesays.com\/fr\/wp-json\/wp\/v2\/posts\/251281","targetHints":{"allow":["GET"]}}],"collection":[{"href":"https:\/\/www.europesays.com\/fr\/wp-json\/wp\/v2\/posts"}],"about":[{"href":"https:\/\/www.europesays.com\/fr\/wp-json\/wp\/v2\/types\/post"}],"author":[{"embeddable":true,"href":"https:\/\/www.europesays.com\/fr\/wp-json\/wp\/v2\/users\/2"}],"replies":[{"embeddable":true,"href":"https:\/\/www.europesays.com\/fr\/wp-json\/wp\/v2\/comments?post=251281"}],"version-history":[{"count":0,"href":"https:\/\/www.europesays.com\/fr\/wp-json\/wp\/v2\/posts\/251281\/revisions"}],"wp:featuredmedia":[{"embeddable":true,"href":"https:\/\/www.europesays.com\/fr\/wp-json\/wp\/v2\/media\/251282"}],"wp:attachment":[{"href":"https:\/\/www.europesays.com\/fr\/wp-json\/wp\/v2\/media?parent=251281"}],"wp:term":[{"taxonomy":"category","embeddable":true,"href":"https:\/\/www.europesays.com\/fr\/wp-json\/wp\/v2\/categories?post=251281"},{"taxonomy":"post_tag","embeddable":true,"href":"https:\/\/www.europesays.com\/fr\/wp-json\/wp\/v2\/tags?post=251281"}],"curies":[{"name":"wp","href":"https:\/\/api.w.org\/{rel}","templated":true}]}}