{"id":251291,"date":"2025-07-16T12:29:12","date_gmt":"2025-07-16T12:29:12","guid":{"rendered":"https:\/\/www.europesays.com\/fr\/251291\/"},"modified":"2025-07-16T12:29:12","modified_gmt":"2025-07-16T12:29:12","slug":"le-gouvernement-allemand-valide-son-plan-budgetaire-a-moyen-terme-pour-bruxelles","status":"publish","type":"post","link":"https:\/\/www.europesays.com\/fr\/251291\/","title":{"rendered":"Le gouvernement allemand valide son plan budg\u00e9taire \u00e0 moyen terme pour Bruxelles"},"content":{"rendered":"<p>Le cabinet allemand a approuv\u00e9 mercredi le plan budg\u00e9taire \u00e0 moyen terme du pays, permettant une augmentation des d\u00e9penses tout en respectant les r\u00e8gles fiscales europ\u00e9ennes.<\/p>\n<p>Chaque ann\u00e9e, les \u00c9tats membres de l&rsquo;Union europ\u00e9enne doivent soumettre \u00e0 la Commission un rapport annuel sur la mise en oeuvre de leur plan budg\u00e9taire structurel \u00e0 moyen terme, afin de se conformer aux nouvelles r\u00e8gles fiscales europ\u00e9ennes.<\/p>\n<p>En mars, l&rsquo;Allemagne avait donn\u00e9 son feu vert \u00e0 une hausse massive des d\u00e9penses, cr\u00e9ant un fonds d&rsquo;infrastructure de 500\u00a0milliards d&rsquo;euros (580,45\u00a0milliards de dollars) et excluant la majeure partie des investissements de d\u00e9fense des r\u00e8gles nationales limitant l&rsquo;endettement. Cette d\u00e9cision avait suscit\u00e9 des interrogations sur la compatibilit\u00e9 d&rsquo;une telle augmentation avec les restrictions budg\u00e9taires de l&rsquo;UE.<\/p>\n<p>\u00ab\u00a0Le gouvernement allemand est parvenu, dans le cadre de discussions constructives avec la Commission europ\u00e9enne, \u00e0 s&rsquo;accorder sur une trajectoire pluriannuelle concernant la croissance maximale autoris\u00e9e des d\u00e9penses pour les ann\u00e9es 2025 \u00e0 2029\u00a0\u00bb, a d\u00e9clar\u00e9 un porte-parole du minist\u00e8re des Finances.<\/p>\n<p>\u00ab\u00a0Dans ce contexte, les r\u00e8gles du Pacte de stabilit\u00e9 et de croissance ont \u00e9t\u00e9 appliqu\u00e9es de mani\u00e8re coh\u00e9rente et les flexibilit\u00e9s disponibles ont \u00e9t\u00e9 utilis\u00e9es\u00a0\u00bb, a-t-il ajout\u00e9.<\/p>\n<p>En raison des investissements pr\u00e9vus dans les infrastructures, la s\u00e9curit\u00e9 et la d\u00e9fense cette ann\u00e9e et l&rsquo;ann\u00e9e prochaine, les d\u00e9penses nettes du budget de l&rsquo;\u00c9tat allemand conna\u00eetront une hausse significative. N\u00e9anmoins, \u00e0 partir de 2027, une croissance plus mod\u00e9r\u00e9e des d\u00e9penses est pr\u00e9vue, selon le porte-parole.<\/p>\n<p>L&rsquo;objectif est d&rsquo;atteindre la consolidation budg\u00e9taire \u00e0 l&rsquo;horizon 2029, a-t-il pr\u00e9cis\u00e9.<\/p>\n<p>Le gouvernement allemand entend renforcer les recettes publiques gr\u00e2ce \u00e0 ses mesures \u00e9conomiques et ses r\u00e9formes structurelles, afin de relancer une \u00e9conomie en manque de dynamisme.<\/p>\n<p>La soumission du plan budg\u00e9taire \u00e0 moyen terme n&rsquo;a \u00e9t\u00e9 rendue possible qu&rsquo;une fois les d\u00e9tails des budgets 2025 et 2026 finalis\u00e9s.<\/p>\n<p>Apr\u00e8s l&rsquo;\u00e9clatement de la coalition de l&rsquo;ancien chancelier Olaf Scholz en novembre, le dernier gouvernement n&rsquo;a pas eu le temps d&rsquo;adopter le budget 2025. L&rsquo;Allemagne fonctionne ainsi, depuis le d\u00e9but de l&rsquo;ann\u00e9e, sur la base d&rsquo;un budget provisoire.<\/p>\n<p>Fin juin, le cabinet allemand a valid\u00e9 un projet de budget pour 2025 ainsi qu&rsquo;un cadre budg\u00e9taire pour 2026, permettant ainsi de finaliser le plan budg\u00e9taire \u00e0 moyen terme destin\u00e9 \u00e0 Bruxelles.<\/p>\n<p>($1 = 0,8614\u00a0euros)<\/p>\n","protected":false},"excerpt":{"rendered":"Le cabinet allemand a approuv\u00e9 mercredi le plan budg\u00e9taire \u00e0 moyen terme du pays, permettant une augmentation des&hellip;\n","protected":false},"author":2,"featured_media":251292,"comment_status":"","ping_status":"","sticky":false,"template":"","format":"standard","meta":{"footnotes":""},"categories":[1587],"tags":[11,672,340,1804,1805,1803,1777,674,1801,12,1802],"class_list":{"0":"post-251291","1":"post","2":"type-post","3":"status-publish","4":"format-standard","5":"has-post-thumbnail","7":"category-allemagne","8":"tag-actualites","9":"tag-allemagne","10":"tag-bourse","11":"tag-bundesrepublik-deutschland","12":"tag-de","13":"tag-deutschland","14":"tag-eu","15":"tag-europe","16":"tag-germany","17":"tag-news","18":"tag-republique-federale-dallemagne"},"share_on_mastodon":{"url":"https:\/\/pubeurope.com\/@fr\/114862919809516075","error":""},"_links":{"self":[{"href":"https:\/\/www.europesays.com\/fr\/wp-json\/wp\/v2\/posts\/251291","targetHints":{"allow":["GET"]}}],"collection":[{"href":"https:\/\/www.europesays.com\/fr\/wp-json\/wp\/v2\/posts"}],"about":[{"href":"https:\/\/www.europesays.com\/fr\/wp-json\/wp\/v2\/types\/post"}],"author":[{"embeddable":true,"href":"https:\/\/www.europesays.com\/fr\/wp-json\/wp\/v2\/users\/2"}],"replies":[{"embeddable":true,"href":"https:\/\/www.europesays.com\/fr\/wp-json\/wp\/v2\/comments?post=251291"}],"version-history":[{"count":0,"href":"https:\/\/www.europesays.com\/fr\/wp-json\/wp\/v2\/posts\/251291\/revisions"}],"wp:featuredmedia":[{"embeddable":true,"href":"https:\/\/www.europesays.com\/fr\/wp-json\/wp\/v2\/media\/251292"}],"wp:attachment":[{"href":"https:\/\/www.europesays.com\/fr\/wp-json\/wp\/v2\/media?parent=251291"}],"wp:term":[{"taxonomy":"category","embeddable":true,"href":"https:\/\/www.europesays.com\/fr\/wp-json\/wp\/v2\/categories?post=251291"},{"taxonomy":"post_tag","embeddable":true,"href":"https:\/\/www.europesays.com\/fr\/wp-json\/wp\/v2\/tags?post=251291"}],"curies":[{"name":"wp","href":"https:\/\/api.w.org\/{rel}","templated":true}]}}