{"id":251293,"date":"2025-07-16T12:30:10","date_gmt":"2025-07-16T12:30:10","guid":{"rendered":"https:\/\/www.europesays.com\/fr\/251293\/"},"modified":"2025-07-16T12:30:10","modified_gmt":"2025-07-16T12:30:10","slug":"les-francais-ont-ils-vraiment-plus-de-jours-feries-que-leurs-voisins-europeens","status":"publish","type":"post","link":"https:\/\/www.europesays.com\/fr\/251293\/","title":{"rendered":"Les Fran\u00e7ais ont-ils vraiment plus de jours f\u00e9ri\u00e9s que leurs voisins europ\u00e9ens ?"},"content":{"rendered":"<p><strong>INFOGRAPHIES &#8211; <\/strong>En Europe, les salari\u00e9s b\u00e9n\u00e9ficient de 9 \u00e0 15 jours de jours f\u00e9ri\u00e9s selon les pays. La France n\u2019est pas aussi bien lotie qu\u2019on le pense.<\/p>\n<p class=\"fig-paragraph\">La France deviendra-t-elle l\u2019un des pays les moins g\u00e9n\u00e9reux en jours f\u00e9ri\u00e9s en Europe\u00a0? C\u2019est un sc\u00e9nario possible si la proposition de Fran\u00e7ois Bayrou, formul\u00e9e lors de\u00a0<a href=\"https:\/\/www.lefigaro.fr\/conjoncture\/en-direct-budget-2026-francois-bayrou-va-devoiler-son-plan-pour-redresser-les-finances-publiques-20250715\" data-fig-type=\"Live\" data-gtm-custom-categorie=\"navigation\" data-gtm-custom-action=\"crossclick\" data-gtm-custom-label=\"Contextuel\" data-gtm-event=\"customEventSPE\" data-fig-domain=\"LEFIGARO\" target=\"_blank\" rel=\"noopener\">son allocution du mardi 15 juillet<\/a>, venait \u00e0 \u00eatre adopt\u00e9e. Le premier ministre a en effet sugg\u00e9r\u00e9 de supprimer deux jours f\u00e9ri\u00e9s, citant notamment le lundi de P\u00e2ques et\u00a0<a href=\"http:\/\/www.lefigaro.fr\/politique\/8-mai-1945-quand-la-victoire-des-allies-sur-l-allemagne-nazie-n-etait-pas-feriee-ni-commemoree-20250715\" data-fig-type=\"NewsFlash\" data-gtm-custom-categorie=\"navigation\" data-gtm-custom-action=\"crossclick\" data-gtm-custom-label=\"Contextuel\" data-gtm-event=\"customEventSPE\" data-fig-domain=\"LEFIGARO\" target=\"_blank\" rel=\"noopener\">le 8 mai comme exemples.<\/a>\u00a0Une mesure qui ferait reculer la France dans le classement des pays europ\u00e9ens en mati\u00e8re de jours de repos officiels.<\/p>\n<p><strong>De 9 \u00e0 15 jours f\u00e9ri\u00e9s\u00a0: de fortes disparit\u00e9s en Europe<\/strong><\/p>\n<p class=\"fig-paragraph\">Tous les salari\u00e9s europ\u00e9ens ne b\u00e9n\u00e9ficient pas du m\u00eame nombre de jours f\u00e9ri\u00e9s. Avec 15 jours f\u00e9ri\u00e9s par an, Chypre d\u00e9tient le record de l\u2019Union europ\u00e9enne. Elle est suivie de pr\u00e8s par la Croatie, l\u2019Espagne, la Slovaquie, la Bulgarie, la Roumanie et Malte, qui comptent 14 jours f\u00e9ri\u00e9s officiels.<\/p>\n<p>                                    <a class=\"fig-a11y-skip a11y-hidden\" href=\"#fig-a11y-skip-main-inarticle\"><br \/>\n        Passer la publicit\u00e9<br \/>\n    <\/a><\/p>\n<p class=\"fig-paragraph\"><strong>Vers une France parmi les pays les moins g\u00e9n\u00e9reux\u00a0?<\/strong><\/p>\n<p class=\"fig-paragraph\">La France, de son c\u00f4t\u00e9, affiche\u00a0<a href=\"http:\/\/www.lefigaro.fr\/voyages\/conseils\/jours-feries-2024-quelles-sont-les-prochaines-dates-calendrier-pour-savoir-quand-faire-le-pont-20220817\" data-fig-type=\"Article\" data-gtm-custom-categorie=\"navigation\" data-gtm-custom-action=\"crossclick\" data-gtm-custom-label=\"Contextuel\" data-gtm-event=\"customEventSPE\" data-fig-domain=\"LEFIGARO\" target=\"_blank\" rel=\"noopener\">11 jours f\u00e9ri\u00e9s inscrits dans le Code du travail<\/a>. Parmi eux figurent le 1er janvier, le lundi de P\u00e2ques, le 1er mai, le 8 mai, le 14 juillet, le 15 ao\u00fbt, la Toussaint (1er novembre), le 11 novembre et le 25 d\u00e9cembre, entre autres. Si ce chiffre peut sembler correct, il place en r\u00e9alit\u00e9 la France en dessous de la moyenne europ\u00e9enne, au m\u00eame niveau que l\u2019Estonie, la Su\u00e8de, la Hongrie, l\u2019Italie, la Gr\u00e8ce ou encore le Luxembourg.<\/p>\n<p class=\"fig-paragraph\">Si la proposition de Fran\u00e7ois Bayrou de supprimer deux jours f\u00e9ri\u00e9s voyait le jour, la France pourrait glisser vers le bas du classement. Elle rejoindra alors le groupe des pays comptant le moins de jours f\u00e9ri\u00e9s en Europe, aux c\u00f4t\u00e9s des Pays-Bas, de l\u2019Allemagne et du Danemark. Tous trois affichent seulement 9 jours f\u00e9ri\u00e9s par an.<\/p>\n<p><strong>Qui sont les champions des cong\u00e9s pay\u00e9s en Europe?<\/strong><\/p>\n<p class=\"fig-paragraph\">En mati\u00e8re de cong\u00e9s pay\u00e9s, les minimums l\u00e9gaux r\u00e9v\u00e8lent \u00e9galement des disparit\u00e9s au sein de l\u2019Union europ\u00e9enne. Avec 44 jours non travaill\u00e9s chacun, l\u2019Espagne et Malte se hissent en t\u00eate du palmar\u00e8s europ\u00e9en. Les Espagnols b\u00e9n\u00e9ficient de 30 jours de cong\u00e9s pay\u00e9s et de 14 jours f\u00e9ri\u00e9s, tout comme les Maltais.<\/p>\n<p class=\"fig-paragraph\"><a href=\"https:\/\/emploi.lefigaro.fr\/conges\/guide-des-conges\/2049-regle-conge\/\" target=\"_blank\" rel=\"sponsored noopener\" data-gtm-custom-categorie=\"navigation\" data-gtm-custom-action=\"crossclick\" data-gtm-custom-label=\"Contextuel\" data-gtm-event=\"customEventSPE\">La France affiche un total de 36 jours non travaill\u00e9<\/a>s (25 jours de cong\u00e9s pay\u00e9s et 11 jours f\u00e9ri\u00e9s). Elle se situe au-dessus de la moyenne europ\u00e9enne qui est de 34 jours.<\/p>\n<p>                                    <a class=\"fig-a11y-skip a11y-hidden\" href=\"#fig-a11y-skip-main-inarticle_mtf\"><br \/>\n        Passer la publicit\u00e9<br \/>\n    <\/a><\/p>\n<p class=\"fig-paragraph\">\u00c0 l\u2019autre bout du spectre, les Pays-Bas se placent en bas du classement avec seulement 29 jours non travaill\u00e9s (20 jours de cong\u00e9 et 9 f\u00e9ri\u00e9s). La Belgique, l\u2019Irlande et la Gr\u00e8ce, avec 30 \u00e0 31 jours, restent \u00e9galement en retrait par rapport \u00e0 la moyenne europ\u00e9enne.<\/p>\n","protected":false},"excerpt":{"rendered":"INFOGRAPHIES &#8211; En Europe, les salari\u00e9s b\u00e9n\u00e9ficient de 9 \u00e0 15 jours de jours f\u00e9ri\u00e9s selon les pays.&hellip;\n","protected":false},"author":2,"featured_media":251294,"comment_status":"","ping_status":"","sticky":false,"template":"","format":"standard","meta":{"footnotes":""},"categories":[1586],"tags":[11,1003,1777,674,1011,27,431,39144,12,25],"class_list":{"0":"post-251293","1":"post","2":"type-post","3":"status-publish","4":"format-standard","5":"has-post-thumbnail","7":"category-europe","8":"tag-actualites","9":"tag-budget","10":"tag-eu","11":"tag-europe","12":"tag-fr","13":"tag-france","14":"tag-francois-bayrou","15":"tag-jours-feries","16":"tag-news","17":"tag-republique-francaise"},"share_on_mastodon":{"url":"https:\/\/pubeurope.com\/@fr\/114862923803213793","error":""},"_links":{"self":[{"href":"https:\/\/www.europesays.com\/fr\/wp-json\/wp\/v2\/posts\/251293","targetHints":{"allow":["GET"]}}],"collection":[{"href":"https:\/\/www.europesays.com\/fr\/wp-json\/wp\/v2\/posts"}],"about":[{"href":"https:\/\/www.europesays.com\/fr\/wp-json\/wp\/v2\/types\/post"}],"author":[{"embeddable":true,"href":"https:\/\/www.europesays.com\/fr\/wp-json\/wp\/v2\/users\/2"}],"replies":[{"embeddable":true,"href":"https:\/\/www.europesays.com\/fr\/wp-json\/wp\/v2\/comments?post=251293"}],"version-history":[{"count":0,"href":"https:\/\/www.europesays.com\/fr\/wp-json\/wp\/v2\/posts\/251293\/revisions"}],"wp:featuredmedia":[{"embeddable":true,"href":"https:\/\/www.europesays.com\/fr\/wp-json\/wp\/v2\/media\/251294"}],"wp:attachment":[{"href":"https:\/\/www.europesays.com\/fr\/wp-json\/wp\/v2\/media?parent=251293"}],"wp:term":[{"taxonomy":"category","embeddable":true,"href":"https:\/\/www.europesays.com\/fr\/wp-json\/wp\/v2\/categories?post=251293"},{"taxonomy":"post_tag","embeddable":true,"href":"https:\/\/www.europesays.com\/fr\/wp-json\/wp\/v2\/tags?post=251293"}],"curies":[{"name":"wp","href":"https:\/\/api.w.org\/{rel}","templated":true}]}}