{"id":251299,"date":"2025-07-16T12:33:13","date_gmt":"2025-07-16T12:33:13","guid":{"rendered":"https:\/\/www.europesays.com\/fr\/251299\/"},"modified":"2025-07-16T12:33:13","modified_gmt":"2025-07-16T12:33:13","slug":"le-sm-caen-a-deux-doigts-de-passer-par-un-trou-de-souris","status":"publish","type":"post","link":"https:\/\/www.europesays.com\/fr\/251299\/","title":{"rendered":"le SM Caen \u00e0 deux doigts de passer par un trou de souris"},"content":{"rendered":"<p>            Par<br \/>\n        <strong><br \/>\n            <a href=\"https:\/\/actu.fr\/auteur\/alexandre-gourlaouen\" title=\"Consulter tous les articles de Alexandre Gourlaouen\" target=\"_blank\" rel=\"noopener\">Alexandre Gourlaouen<\/a><br \/>\n        <\/strong><\/p>\n<p>        Publi\u00e9 le<\/p>\n<p>            16 juil. 2025 \u00e0 12h19        <\/p>\n<p>Les d\u00e9cisions de la DNCG (Direction nationale du contr\u00f4le de gestion), le gendarme financier du foot fran\u00e7ais, continuent de<b> modifier le paysage footballistique de l\u2019Hexagone.<\/b><\/p>\n<p class=\" wall-content\">Moins d\u2019une semaine apr\u00e8s avoir d\u00e9cid\u00e9 de <b>maintenir l\u2019Olympique Lyonnais<\/b> <b>en Ligue 1<\/b>, le gendarme financier de la Ligue de Football Professionnel (LFP) <b>n\u2019a pas \u00e9t\u00e9 aussi cl\u00e9ment<\/b> avec <b>l\u2019AC Ajaccio et le FC Martigues<\/b> mardi 15 juillet 2025. Le club corse <b>est rel\u00e9gu\u00e9 en National<\/b> et retrouvera donc le <a href=\"https:\/\/actu.fr\/tag\/stade-malherbe-de-caen\" target=\"_blank\" rel=\"noopener\">Stade Malherbe Caen<\/a> en troisi\u00e8me division.<\/p>\n<p class=\" wall-content\">Pour Martigues, la sanction est plus s\u00e9v\u00e8re encore. <b>Le club devra repartir en R\u00e9gional 1.<\/b><\/p>\n<p>Un nouveau promu en Ligue 2<\/p>\n<p class=\" wall-content\">L\u2019AC Ajaccio <b>avait fait appel de cette d\u00e9cision le 24 juin dernier<\/b>, promettant d\u2019apporter d\u2019autres assurances financi\u00e8res. Trois semaines plus tard, les repr\u00e9sentants du club corse \u00e9taient de nouveau convoqu\u00e9s par la commission. \u00c0 l\u2019issue de la r\u00e9union,<b> la sanction est tomb\u00e9e<\/b>, au grand d\u00e9sarroi d\u2019Alain Andr\u00e9 Orsoni, le pr\u00e9sident de la holding propri\u00e9taire du club.<\/p>\n<p>    <a href=\"https:\/\/www.facebook.com\/plugins\/post.php?href=https%3A%2F%2Fwww.facebook.com%2Fpermalink.php%3Fstory_fbid%3Dpfbid02kPMrf1jTDnSU526pdgrdn6ezzwf2zr2AqFthBsDqVcfjnM3Q6pUY4yVeCf2r9Bfyl%26id%3D100011317534706&amp;show_text=true&amp;width=350\" title=\"Ouvrie le lien\" target=\"_blank\" rel=\"noopener\">Cliquez ici pour visualiser le contenu<\/a><\/p>\n<p class=\" wall-content\">Du fait de cette d\u00e9cision, <b>c\u2019est Boulogne-sur-Mer <\/b>qui est donc <b>promu en Ligue 2<\/b> en tant que barragiste malheureux. Autre club sanctionn\u00e9 par la DNCG, <b>Martigues a \u00e9t\u00e9 exclu des comp\u00e9titions nationales.<\/b> Pour le remplacer en troisi\u00e8me division, <b>c\u2019est Ch\u00e2teauroux qui va \u00eatre rep\u00each\u00e9 de National 2.<\/b><\/p>\n<p>Caen en premi\u00e8re position sur liste d\u2019attente pour un rep\u00eachage<\/p>\n<p class=\" wall-content\">Boulogne rep\u00each\u00e9 et Martigues rel\u00e9gu\u00e9 en R1, le SM Caen se retrouve donc <b>en premi\u00e8re position sur la liste d\u2019attente<\/b> pour un potentiel rep\u00eachage en Ligue 2. Une situation qui serait rocambolesque, mais qui<b> a tr\u00e8s peu de chances de se produire.<\/b> Les comptes de tous les clubs de Ligue 2 ont d\u00e9sormais \u00e9t\u00e9 valid\u00e9s par la DNCG et les compositions des championnats devraient<b> \u00eatre d\u00e9finitifs tr\u00e8s prochainement.<\/b><\/p>\n<p class=\" wall-content\">Suivez toute l\u2019actualit\u00e9 de vos villes et m\u00e9dias favoris en vous inscrivant \u00e0 <a href=\"https:\/\/moncompte.actu.fr\" title=\"D\u00e9couvez Mon Actu\" rel=\"nofollow noopener\" data-trk=\"{&quot;cta&quot;:{&quot;action&quot;:&quot;https:\\\/\\\/moncompte.actu.fr&quot;,&quot;category&quot;:&quot;mon compte&quot;,&quot;from&quot;:&quot;article footer&quot;,&quot;name&quot;:&quot;Mon actu&quot;,&quot;type&quot;:&quot;cta&quot;}}\" target=\"_blank\">Mon Actu<\/a>.<\/p>\n","protected":false},"excerpt":{"rendered":"Par Alexandre Gourlaouen Publi\u00e9 le 16 juil. 2025 \u00e0 12h19 Les d\u00e9cisions de la DNCG (Direction nationale du&hellip;\n","protected":false},"author":2,"featured_media":251300,"comment_status":"","ping_status":"","sticky":false,"template":"","format":"standard","meta":{"footnotes":""},"categories":[2],"tags":[11,63,1011,27,12,25,1745,60,266,1746],"class_list":{"0":"post-251299","1":"post","2":"type-post","3":"status-publish","4":"format-standard","5":"has-post-thumbnail","7":"category-actualites","8":"tag-actualites","9":"tag-football","10":"tag-fr","11":"tag-france","12":"tag-news","13":"tag-republique-francaise","14":"tag-sport-caen","15":"tag-sports","16":"tag-stade-malherbe-de-caen","17":"tag-stade-michel-dornano"},"share_on_mastodon":{"url":"https:\/\/pubeurope.com\/@fr\/114862935488333790","error":""},"_links":{"self":[{"href":"https:\/\/www.europesays.com\/fr\/wp-json\/wp\/v2\/posts\/251299","targetHints":{"allow":["GET"]}}],"collection":[{"href":"https:\/\/www.europesays.com\/fr\/wp-json\/wp\/v2\/posts"}],"about":[{"href":"https:\/\/www.europesays.com\/fr\/wp-json\/wp\/v2\/types\/post"}],"author":[{"embeddable":true,"href":"https:\/\/www.europesays.com\/fr\/wp-json\/wp\/v2\/users\/2"}],"replies":[{"embeddable":true,"href":"https:\/\/www.europesays.com\/fr\/wp-json\/wp\/v2\/comments?post=251299"}],"version-history":[{"count":0,"href":"https:\/\/www.europesays.com\/fr\/wp-json\/wp\/v2\/posts\/251299\/revisions"}],"wp:featuredmedia":[{"embeddable":true,"href":"https:\/\/www.europesays.com\/fr\/wp-json\/wp\/v2\/media\/251300"}],"wp:attachment":[{"href":"https:\/\/www.europesays.com\/fr\/wp-json\/wp\/v2\/media?parent=251299"}],"wp:term":[{"taxonomy":"category","embeddable":true,"href":"https:\/\/www.europesays.com\/fr\/wp-json\/wp\/v2\/categories?post=251299"},{"taxonomy":"post_tag","embeddable":true,"href":"https:\/\/www.europesays.com\/fr\/wp-json\/wp\/v2\/tags?post=251299"}],"curies":[{"name":"wp","href":"https:\/\/api.w.org\/{rel}","templated":true}]}}