{"id":251305,"date":"2025-07-16T12:36:15","date_gmt":"2025-07-16T12:36:15","guid":{"rendered":"https:\/\/www.europesays.com\/fr\/251305\/"},"modified":"2025-07-16T12:36:15","modified_gmt":"2025-07-16T12:36:15","slug":"lalterna-stade-poitevin-volley-ball-defiera-le-panathinaikos-athenes-en-16e-de-finale","status":"publish","type":"post","link":"https:\/\/www.europesays.com\/fr\/251305\/","title":{"rendered":"l\u2019Alterna Stade Poitevin Volley-Ball d\u00e9fiera le Panathina\u00efkos Ath\u00e8nes en 16e de finale"},"content":{"rendered":"<p>Apr\u00e8s l\u2019annonce, la semaine pass\u00e9e, de sa participation \u00e0 la Coupe CEV, soit la deuxi\u00e8me comp\u00e9tition europ\u00e9enne apr\u00e8s la Ligue des champions, alors qu\u2019il \u00e9tait initialement qualifi\u00e9 en Challenge Cup, l\u2019Alterna Stade Poitevin Volley-Ball conna\u00eet d\u00e9sormais son adversaire en 16e de finale.<\/p>\n<p>Le tirage au sort a en effet \u00e9t\u00e9 effectu\u00e9 ce mardi 15\u00a0juillet 2025 au Luxembourg et les hommes de Dan Lewis affronteront le Panathina\u00efkos Ath\u00e8nes. Soit le finaliste de la MSL face au vainqueur de la Ligue A1, la premi\u00e8re division grecque. Un gros, tr\u00e8s gros morceau.<\/p>\n","protected":false},"excerpt":{"rendered":"Apr\u00e8s l\u2019annonce, la semaine pass\u00e9e, de sa participation \u00e0 la Coupe CEV, soit la deuxi\u00e8me comp\u00e9tition europ\u00e9enne apr\u00e8s&hellip;\n","protected":false},"author":2,"featured_media":251306,"comment_status":"","ping_status":"","sticky":false,"template":"","format":"standard","meta":{"footnotes":""},"categories":[1417],"tags":[1392,1654,39145,1011,27,1655,1653,60,1584,1470,1469],"class_list":{"0":"post-251305","1":"post","2":"type-post","3":"status-publish","4":"format-standard","5":"has-post-thumbnail","7":"category-volley","8":"tag-a-la-une-local","9":"tag-alterna-stade-poitevin-volley-ball","10":"tag-coupe-deurope-volley","11":"tag-fr","12":"tag-france","13":"tag-ligue-a","14":"tag-poitiers","15":"tag-sports","16":"tag-vienne","17":"tag-volley","18":"tag-volleyball"},"share_on_mastodon":{"url":"https:\/\/pubeurope.com\/@fr\/114862947306472475","error":""},"_links":{"self":[{"href":"https:\/\/www.europesays.com\/fr\/wp-json\/wp\/v2\/posts\/251305","targetHints":{"allow":["GET"]}}],"collection":[{"href":"https:\/\/www.europesays.com\/fr\/wp-json\/wp\/v2\/posts"}],"about":[{"href":"https:\/\/www.europesays.com\/fr\/wp-json\/wp\/v2\/types\/post"}],"author":[{"embeddable":true,"href":"https:\/\/www.europesays.com\/fr\/wp-json\/wp\/v2\/users\/2"}],"replies":[{"embeddable":true,"href":"https:\/\/www.europesays.com\/fr\/wp-json\/wp\/v2\/comments?post=251305"}],"version-history":[{"count":0,"href":"https:\/\/www.europesays.com\/fr\/wp-json\/wp\/v2\/posts\/251305\/revisions"}],"wp:featuredmedia":[{"embeddable":true,"href":"https:\/\/www.europesays.com\/fr\/wp-json\/wp\/v2\/media\/251306"}],"wp:attachment":[{"href":"https:\/\/www.europesays.com\/fr\/wp-json\/wp\/v2\/media?parent=251305"}],"wp:term":[{"taxonomy":"category","embeddable":true,"href":"https:\/\/www.europesays.com\/fr\/wp-json\/wp\/v2\/categories?post=251305"},{"taxonomy":"post_tag","embeddable":true,"href":"https:\/\/www.europesays.com\/fr\/wp-json\/wp\/v2\/tags?post=251305"}],"curies":[{"name":"wp","href":"https:\/\/api.w.org\/{rel}","templated":true}]}}