{"id":251307,"date":"2025-07-16T12:37:15","date_gmt":"2025-07-16T12:37:15","guid":{"rendered":"https:\/\/www.europesays.com\/fr\/251307\/"},"modified":"2025-07-16T12:37:15","modified_gmt":"2025-07-16T12:37:15","slug":"brive-rc-vannes-decale-la-programmation-des-cinq-premieres-journees-de-pro-d2-connue","status":"publish","type":"post","link":"https:\/\/www.europesays.com\/fr\/251307\/","title":{"rendered":"Brive &#8211; RC Vannes d\u00e9cal\u00e9, la programmation des cinq premi\u00e8res journ\u00e9es de Pro D2 connue"},"content":{"rendered":"<p>Comme annonc\u00e9 par <a href=\"https:\/\/www.letelegramme.fr\/sports\/rugby\/rc-vannes\/brive-rc-vannes-le-choc-de-la-premiere-journee-de-pro-d2-devrait-etre-decale-au-samedi-soir-6855883.php\" target=\"_blank\" rel=\"noopener\">Le T\u00e9l\u00e9gramme<\/a>, le premier match de la saison du RC Vannes, contre Brive, sera bien diffus\u00e9 sur Canal +, le samedi 30 ao\u00fbt (21 h). Le RCV aura ensuite les honneurs de Canal + Sport pour les trois journ\u00e9es suivantes.<\/p>\n<p>Ainsi, la r\u00e9ception de Soyaux Angoul\u00eame (2e j., le vendredi 5 septembre), le d\u00e9placement au Stade Montois (3e j., le vendredi 12 septembre) et la r\u00e9ception de Provence Rugby (4e j., le vendredi 19 septembre) auront lieu \u00e0 21 h. La cinqui\u00e8me journ\u00e9e du RC Vannes a \u00e9galement \u00e9t\u00e9 programm\u00e9e. Le d\u00e9placement au Stade Aurillacois aura lieu le vendredi 26 septembre, \u00e0 19 h, et sera diffus\u00e9 sur Canal + Sport.<\/p>\n<p>Le programme du RC Vannes<\/p>\n<p class=\"tech\">1re journ\u00e9e : Brive &#8211; Vannes, samedi 30 ao\u00fbt (21 h), sur Canal +<\/p>\n<p class=\"tech\">2e journ\u00e9e : Vannes &#8211; Soyaux Angoul\u00eame, vendredi 5 septembre (21 h), sur Canal + Sport<\/p>\n<p class=\"tech\">3e journ\u00e9e : Stade Montois &#8211; Vannes, vendredi 12 septembre (21 h), sur Canal + Sport<\/p>\n<p class=\"tech\">4e journ\u00e9e : Vannes &#8211; Provence Rugby, vendredi 19 septembre (21 h), sur Canal + Sport<\/p>\n<p class=\"tech\">5e journ\u00e9e : Stade Aurillacois &#8211; Vannes, vendredi 26 septembre (19 h), sur Canal + Sport<\/p>\n","protected":false},"excerpt":{"rendered":"Comme annonc\u00e9 par Le T\u00e9l\u00e9gramme, le premier match de la saison du RC Vannes, contre Brive, sera bien&hellip;\n","protected":false},"author":2,"featured_media":251308,"comment_status":"","ping_status":"","sticky":false,"template":"","format":"standard","meta":{"footnotes":""},"categories":[1416],"tags":[765,3166,1011,27,3164,479,1468,60,3165],"class_list":{"0":"post-251307","1":"post","2":"type-post","3":"status-publish","4":"format-standard","5":"has-post-thumbnail","7":"category-rugby","8":"tag-en-continu","9":"tag-en-continu-sports","10":"tag-fr","11":"tag-france","12":"tag-rc-vannes","13":"tag-rugby","14":"tag-rugby-football","15":"tag-sports","16":"tag-vannes"},"share_on_mastodon":{"url":"https:\/\/pubeurope.com\/@fr\/114862951188090170","error":""},"_links":{"self":[{"href":"https:\/\/www.europesays.com\/fr\/wp-json\/wp\/v2\/posts\/251307","targetHints":{"allow":["GET"]}}],"collection":[{"href":"https:\/\/www.europesays.com\/fr\/wp-json\/wp\/v2\/posts"}],"about":[{"href":"https:\/\/www.europesays.com\/fr\/wp-json\/wp\/v2\/types\/post"}],"author":[{"embeddable":true,"href":"https:\/\/www.europesays.com\/fr\/wp-json\/wp\/v2\/users\/2"}],"replies":[{"embeddable":true,"href":"https:\/\/www.europesays.com\/fr\/wp-json\/wp\/v2\/comments?post=251307"}],"version-history":[{"count":0,"href":"https:\/\/www.europesays.com\/fr\/wp-json\/wp\/v2\/posts\/251307\/revisions"}],"wp:featuredmedia":[{"embeddable":true,"href":"https:\/\/www.europesays.com\/fr\/wp-json\/wp\/v2\/media\/251308"}],"wp:attachment":[{"href":"https:\/\/www.europesays.com\/fr\/wp-json\/wp\/v2\/media?parent=251307"}],"wp:term":[{"taxonomy":"category","embeddable":true,"href":"https:\/\/www.europesays.com\/fr\/wp-json\/wp\/v2\/categories?post=251307"},{"taxonomy":"post_tag","embeddable":true,"href":"https:\/\/www.europesays.com\/fr\/wp-json\/wp\/v2\/tags?post=251307"}],"curies":[{"name":"wp","href":"https:\/\/api.w.org\/{rel}","templated":true}]}}