{"id":251310,"date":"2025-07-16T12:40:13","date_gmt":"2025-07-16T12:40:13","guid":{"rendered":"https:\/\/www.europesays.com\/fr\/251310\/"},"modified":"2025-07-16T12:40:13","modified_gmt":"2025-07-16T12:40:13","slug":"le-retour-de-chantra-nest-pas-garanti-pour-lautriche","status":"publish","type":"post","link":"https:\/\/www.europesays.com\/fr\/251310\/","title":{"rendered":"Le retour de Chantra n&rsquo;est pas garanti pour l&rsquo;Autriche"},"content":{"rendered":"<p>La blessure de <a href=\"https:\/\/fr.motorsport.com\/driver\/somkiat-chantra\/823104\/\" target=\"_blank\" rel=\"noopener\">Somkiat Chantra<\/a> \u00e0 l&rsquo;entra\u00eenement, le 1er juillet, a eu pour cons\u00e9quence de l&rsquo;envoyer en vacances bien plus t\u00f4t que pr\u00e9vu, puisqu&rsquo;il ne peut pas prendre part aux deux derniers Grands Prix qui pr\u00e9c\u00e8dent la pause estivale.<\/p>\n<p>Mais le Tha\u00eflandais n&rsquo;est pas non plus certain de pouvoir participer \u00e0 la manche de reprise, en Autriche mi-ao\u00fbt. Bless\u00e9 au niveau du ligament collat\u00e9ral fibulaire du genou droit, il a en effet \u00e9t\u00e9 op\u00e9r\u00e9 le 8 juillet \u00e0 Barcelone et doit pour le moment s&rsquo;accorder le plus grand repos.<\/p>\n<p>Interrog\u00e9 ce week-end pour savoir si la course du Red Bull Ring \u00e9tait un objectif r\u00e9aliste pour le retour de son pilote, Lucio Cecchinello s&rsquo;est donc montr\u00e9 tr\u00e8s prudent. \u00ab\u00a0C&rsquo;est notre objectif, mais pour \u00eatre honn\u00eate, le m\u00e9decin a dit que \u00e7a pourrait \u00eatre un petit peu juste\u00a0\u00bb, a-t-il admis aupr\u00e8s du site officiel du MotoGP.<\/p>\n<p>Le patron du <a href=\"https:\/\/fr.motorsport.com\/team\/team-lcr\/922\/\" target=\"_blank\" rel=\"noopener\">team LCR<\/a> a pr\u00e9cis\u00e9 que Somkiat Chantra devrait de toute fa\u00e7on passer une IRM pour comprendre quel aura \u00e9t\u00e9 le degr\u00e9 de gu\u00e9rison de sa blessure. \u00ab\u00a0Donc, pour \u00eatre honn\u00eate, nous ne sommes donc pas s\u00fbrs \u00e0 100% qu&rsquo;il pourra courir en Autriche, mais c&rsquo;est l&rsquo;objectif\u00a0\u00bb, a-t-il insist\u00e9.<\/p>\n<p>   <img decoding=\"async\" draggable=\"false\" src=\"https:\/\/www.europesays.com\/fr\/wp-content\/uploads\/2025\/07\/1752669613_17_somkiat-chantra-team-lcr-honda.jpg\" alt=\"Somkiat Chantra a marqu\u00e9 son premier point en MotoGP juste avant de se blesser.\" width=\"1200\" height=\"800\" loading=\"lazy\"\/> <\/p>\n<p class=\"title\">Somkiat Chantra a marqu\u00e9 son premier point en MotoGP juste avant de se blesser.<\/p>\n<p class=\"photographer\">Photo de: Gold and Goose Photography \/ LAT Images \/ via Getty Images<\/p>\n<p>\u00ab\u00a0Pour le moment, nous ne pouvons pas vraiment parler de r\u00e9\u00e9ducation, car il n&rsquo;est pas autoris\u00e9 \u00e0 bouger le genou pendant deux semaines\u00a0\u00bb, a pr\u00e9cis\u00e9 Cecchinello. \u00ab\u00a0N\u00e9anmoins, il va commencer \u00e0 entra\u00eener le haut de son corps d&rsquo;ici au d\u00e9but de la semaine prochaine. Il va donc retourner \u00e0 la salle en fauteuil roulant et la jambe maintenue droite, et il va entra\u00eener le haut de son corps. Nous avons d\u00e9j\u00e0 d\u00e9fini des exercices cardio et musculaires, ce qui est d&rsquo;une grande aide pour r\u00e9cup\u00e9rer car on active la circulation sanguine et c&rsquo;est tr\u00e8s important.\u00a0\u00bb<\/p>\n<p>\u00ab\u00a0Ensuite, nous avons un autre plan, qui est qu&rsquo;entre la troisi\u00e8me et la quatri\u00e8me semaine [apr\u00e8s l&rsquo;op\u00e9ration], il va commencer \u00e0 bouger la jambe \u00e0 90%, puis apr\u00e8s la quatri\u00e8me semaine il commencera \u00e0 bouger le genou et pourra d\u00e9plier sa jambe jusqu&rsquo;\u00e0 l&rsquo;angle maximal.\u00a0\u00bb<\/p>\n<p>Les premiers essais du GP d&rsquo;Autriche sont pr\u00e9vus un peu plus de cinq semaines apr\u00e8s l&rsquo;op\u00e9ration subie par Somkiat Chantra, il est donc trop t\u00f4t pour acter s&rsquo;il pourra \u00eatre pr\u00e9sent ou non. En attendant, LCR n&rsquo;a pas remplac\u00e9 son pilote en Allemagne mais fera courir <a href=\"https:\/\/fr.motorsport.com\/driver\/takaaki-nakagami\/109418\/\" target=\"_blank\" rel=\"noopener\">Takaaki Nakagami<\/a> \u00e0 sa place en R\u00e9publique tch\u00e8que.<\/p>\n<p>Lire aussi :<\/p>\n<p>Dans cet article<\/p>\n<p>Soyez le premier inform\u00e9 et souscrivez aux alertes mails pour recevoir les infos en temps r\u00e9el<\/p>\n<p>    S&rsquo;abonner aux alertes de news<\/p>\n","protected":false},"excerpt":{"rendered":"La blessure de Somkiat Chantra \u00e0 l&rsquo;entra\u00eenement, le 1er juillet, a eu pour cons\u00e9quence de l&rsquo;envoyer en vacances&hellip;\n","protected":false},"author":2,"featured_media":251311,"comment_status":"","ping_status":"","sticky":false,"template":"","format":"standard","meta":{"footnotes":""},"categories":[1413],"tags":[1011,27,34489,1457,1456,1458,34490,16689,60,3771],"class_list":{"0":"post-251310","1":"post","2":"type-post","3":"status-publish","4":"format-standard","5":"has-post-thumbnail","7":"category-moto","8":"tag-fr","9":"tag-france","10":"tag-gp-dautriche","11":"tag-moto","12":"tag-motocycle","13":"tag-motogp","14":"tag-red-bull-ring","15":"tag-somkiat-chantra","16":"tag-sports","17":"tag-team-lcr"},"share_on_mastodon":{"url":"https:\/\/pubeurope.com\/@fr\/114862963036703369","error":""},"_links":{"self":[{"href":"https:\/\/www.europesays.com\/fr\/wp-json\/wp\/v2\/posts\/251310","targetHints":{"allow":["GET"]}}],"collection":[{"href":"https:\/\/www.europesays.com\/fr\/wp-json\/wp\/v2\/posts"}],"about":[{"href":"https:\/\/www.europesays.com\/fr\/wp-json\/wp\/v2\/types\/post"}],"author":[{"embeddable":true,"href":"https:\/\/www.europesays.com\/fr\/wp-json\/wp\/v2\/users\/2"}],"replies":[{"embeddable":true,"href":"https:\/\/www.europesays.com\/fr\/wp-json\/wp\/v2\/comments?post=251310"}],"version-history":[{"count":0,"href":"https:\/\/www.europesays.com\/fr\/wp-json\/wp\/v2\/posts\/251310\/revisions"}],"wp:featuredmedia":[{"embeddable":true,"href":"https:\/\/www.europesays.com\/fr\/wp-json\/wp\/v2\/media\/251311"}],"wp:attachment":[{"href":"https:\/\/www.europesays.com\/fr\/wp-json\/wp\/v2\/media?parent=251310"}],"wp:term":[{"taxonomy":"category","embeddable":true,"href":"https:\/\/www.europesays.com\/fr\/wp-json\/wp\/v2\/categories?post=251310"},{"taxonomy":"post_tag","embeddable":true,"href":"https:\/\/www.europesays.com\/fr\/wp-json\/wp\/v2\/tags?post=251310"}],"curies":[{"name":"wp","href":"https:\/\/api.w.org\/{rel}","templated":true}]}}